{"id":32365,"date":"2022-12-22T15:15:33","date_gmt":"2022-12-22T19:15:33","guid":{"rendered":"http:\/\/elradar.info\/?p=32365"},"modified":"2024-02-01T12:11:52","modified_gmt":"2024-02-01T16:11:52","slug":"la-expulsion-del-cubano-magdiel-castro-se-encuentra-enmarcada-en-la-cpe","status":"publish","type":"post","link":"https:\/\/elradar.info\/?p=32365","title":{"rendered":"<strong>La expulsi\u00f3n del cubano Magdiel Castro se encuentra enmarcada en la CPE<\/strong>"},"content":{"rendered":"\n<p>La Direcci\u00f3n General de Migraci\u00f3n de Bolivia determin\u00f3 este jueves la salida obligatoria del pa\u00eds, por tres a\u00f1os, del ciudadano cubano Magdiel Jorge Castro, quien viol\u00f3 las normas de permanencia en el pa\u00eds.<\/p>\n\n\n\n<p>Al respecto se manifest\u00f3 el ministro de gobierno, Eduardo Del Castillo, quien aclar\u00f3 que la expulsi\u00f3n de Castro est\u00e1 enmarcada en la Constituci\u00f3n Pol\u00edtica del Estado (CPE), la Ley de Migraci\u00f3n y otras normas en vigencia que establecen la expulsi\u00f3n de extranjeros del territorio nacional en caso de que estos incurran en actos que alteren el orden p\u00fablico.<\/p>\n\n\n\n<p><em>\u201cCualquier ciudadano extranjero que venga a cometer faltas, contravenciones y delitos tiene que tener las sanciones correspondientes, en Bolivia no van a venir a hacer lo que quieran\u201d,<\/em> expres\u00f3 Del Castillo.<\/p>\n\n\n\n<p>A trav\u00e9s de su cuenta de Twitter, Magdiel Castro public\u00f3 serios cuestionamientos hacia la pol\u00edtica boliviana y la de su propio pa\u00eds:<\/p>\n\n\n\n<p>El 14 de diciembre escribi\u00f3:<\/p>\n\n\n\n<p><em>&#8220;En alg\u00fan momento tendremos que pedir disculpas por ser el pa\u00eds que luego de preparar guerrillas por todo el continente, hoy recibe con benepl\u00e1cito la visita de dictadores que han destruido la democracia y el Estado de Derecho en sus naciones\u2026 siento una profunda verg\u00fcenza&#8221;.<\/em><\/p>\n\n\n\n<p>En este mensaje se incluy\u00f3 una fotograf\u00eda en la que aparecen el presidente Luis Arce, Miguel D\u00edaz-Canel, Nicol\u00e1s Maduro y Daniel Ortega.<\/p>\n\n\n\n<p>Este, entre muchos otros mensajes que denigran la imagen de figuras del \u00e1mbito pol\u00edtico boliviano, fueron parte de las razones para su expulsi\u00f3n del pa\u00eds.<\/p>\n","protected":false},"excerpt":{"rendered":"<p>La Direcci\u00f3n General de Migraci\u00f3n de Bolivia determin\u00f3 este jueves la salida obligatoria del pa\u00eds, por tres a\u00f1os, del ciudadano cubano Magdiel Jorge Castro, quien viol\u00f3 las normas de permanencia en el pa\u00eds. Al respecto se manifest\u00f3 el ministro de gobierno, Eduardo Del Castillo, quien aclar\u00f3 que la expulsi\u00f3n de Castro est\u00e1 enmarcada en la Constituci\u00f3n Pol\u00edtica del Estado (CPE), la Ley de Migraci\u00f3n y otras normas en vigencia que establecen la expulsi\u00f3n de extranjeros del territorio nacional en caso de que estos incurran en actos que alteren el orden p\u00fablico. \u201cCualquier ciudadano extranjero que venga a cometer faltas, contravenciones<\/p>\n","protected":false},"author":2,"featured_media":32368,"comment_status":"closed","ping_status":"open","sticky":false,"template":"","format":"standard","meta":{"_seopress_robots_primary_cat":"none","_seopress_titles_title":"","_seopress_titles_desc":"","_seopress_robots_index":"","_jetpack_memberships_contains_paid_content":false,"footnotes":""},"categories":[103],"tags":[109,190,5776,5775,1094],"class_list":["post-32365","post","type-post","status-publish","format-standard","has-post-thumbnail","hentry","category-nacional","tag-bolivia","tag-cuba","tag-expulsion","tag-magdiel-castro","tag-nacional"],"jetpack_featured_media_url":"https:\/\/elradar.info\/wp-content\/uploads\/2022\/12\/Gobierno-de-Bolivia-justifica-la-expulsion-del-activista-cubano-Magdiel-Jorge-Castro-1200x675-1.jpg","jetpack_sharing_enabled":true,"amp_enabled":true,"_links":{"self":[{"href":"https:\/\/elradar.info\/index.php?rest_route=\/wp\/v2\/posts\/32365","targetHints":{"allow":["GET"]}}],"collection":[{"href":"https:\/\/elradar.info\/index.php?rest_route=\/wp\/v2\/posts"}],"about":[{"href":"https:\/\/elradar.info\/index.php?rest_route=\/wp\/v2\/types\/post"}],"author":[{"embeddable":true,"href":"https:\/\/elradar.info\/index.php?rest_route=\/wp\/v2\/users\/2"}],"replies":[{"embeddable":true,"href":"https:\/\/elradar.info\/index.php?rest_route=%2Fwp%2Fv2%2Fcomments&post=32365"}],"version-history":[{"count":1,"href":"https:\/\/elradar.info\/index.php?rest_route=\/wp\/v2\/posts\/32365\/revisions"}],"predecessor-version":[{"id":32369,"href":"https:\/\/elradar.info\/index.php?rest_route=\/wp\/v2\/posts\/32365\/revisions\/32369"}],"wp:featuredmedia":[{"embeddable":true,"href":"https:\/\/elradar.info\/index.php?rest_route=\/wp\/v2\/media\/32368"}],"wp:attachment":[{"href":"https:\/\/elradar.info\/index.php?rest_route=%2Fwp%2Fv2%2Fmedia&parent=32365"}],"wp:term":[{"taxonomy":"category","embeddable":true,"href":"https:\/\/elradar.info\/index.php?rest_route=%2Fwp%2Fv2%2Fcategories&post=32365"},{"taxonomy":"post_tag","embeddable":true,"href":"https:\/\/elradar.info\/index.php?rest_route=%2Fwp%2Fv2%2Ftags&post=32365"}],"curies":[{"name":"wp","href":"https:\/\/api.w.org\/{rel}","templated":true}]}}