{"id":32390,"date":"2022-12-23T18:20:14","date_gmt":"2022-12-23T22:20:14","guid":{"rendered":"http:\/\/elradar.info\/?p=32390"},"modified":"2024-02-01T12:11:52","modified_gmt":"2024-02-01T16:11:52","slug":"nuevo-feminicidio-en-san-matias","status":"publish","type":"post","link":"https:\/\/elradar.info\/?p=32390","title":{"rendered":"<strong>Nuevo feminicidio en San Mat\u00edas<\/strong>"},"content":{"rendered":"\n<p>Convirti\u00e9ndose en la v\u00edctima n\u00famero 20 en el departamento de Santa Cruz, ayer falleci\u00f3 Elenir Petiga Dorbigny, de 35 a\u00f1os, quien muri\u00f3 a causa de los golpes de su pareja, el ciudadano brasile\u00f1o Jos\u00e9 Luis Da Silva Rivero.<\/p>\n\n\n\n<p>Seg\u00fan informaci\u00f3n preliminar, Elenir, quien conviv\u00eda con su agresor hace cuatro meses, habr\u00eda sido golpeada por este el 15 de diciembre, producto de lo cual pas\u00f3 varios d\u00edas en convalecencia hasta que decidi\u00f3 denunciarlo a la polic\u00eda. Luego de la denuncia fue ingresada en un centro m\u00e9dico, pero, lamentablemente, no pudo recuperarse y falleci\u00f3 ayer.<\/p>\n\n\n\n<p>\u201c<em>El sujeto fue plenamente reconocido por su v\u00edctima, quien lo denunci\u00f3 cuando estaba con vida, por lo que se activaron los operativos para dar con su captura<\/em>\u201d, dijo Herlan Mendoza, comandante de la Polic\u00eda de San Ignacio de Velasco.<\/p>\n\n\n\n<p>El feminicida, quien seg\u00fan la madre de la v\u00edctima la agred\u00eda constantemente, fue aprehendido por las autoridades y puesto ante un juez cautelar.&nbsp;<\/p>\n\n\n\n<p>Producto de este feminicidio, los dos hijos de Elenir quedaron en la orfandad.&nbsp;<\/p>\n","protected":false},"excerpt":{"rendered":"<p>Convirti\u00e9ndose en la v\u00edctima n\u00famero 20 en el departamento de Santa Cruz, ayer falleci\u00f3 Elenir Petiga Dorbigny, de 35 a\u00f1os, quien muri\u00f3 a causa de los golpes de su pareja, el ciudadano brasile\u00f1o Jos\u00e9 Luis Da Silva Rivero. Seg\u00fan informaci\u00f3n preliminar, Elenir, quien conviv\u00eda con su agresor hace cuatro meses, habr\u00eda sido golpeada por este el 15 de diciembre, producto de lo cual pas\u00f3 varios d\u00edas en convalecencia hasta que decidi\u00f3 denunciarlo a la polic\u00eda. Luego de la denuncia fue ingresada en un centro m\u00e9dico, pero, lamentablemente, no pudo recuperarse y falleci\u00f3 ayer. \u201cEl sujeto fue plenamente reconocido por su<\/p>\n","protected":false},"author":2,"featured_media":32393,"comment_status":"closed","ping_status":"open","sticky":false,"template":"","format":"standard","meta":{"_seopress_robots_primary_cat":"none","_seopress_titles_title":"","_seopress_titles_desc":"","_seopress_robots_index":"","_jetpack_memberships_contains_paid_content":false,"footnotes":""},"categories":[103],"tags":[109,5784,268,5785,1094,4111,167],"class_list":["post-32390","post","type-post","status-publish","format-standard","has-post-thumbnail","hentry","category-nacional","tag-bolivia","tag-elenir-petiga-dorbigny","tag-feminicidio","tag-jose-luis-da-silva-rivero","tag-nacional","tag-san-matias","tag-santa-cruz"],"jetpack_featured_media_url":"https:\/\/elradar.info\/wp-content\/uploads\/2022\/12\/WhatsApp-Image-2022-12-23-at-13.47.54.jpg","jetpack_sharing_enabled":true,"amp_enabled":true,"_links":{"self":[{"href":"https:\/\/elradar.info\/index.php?rest_route=\/wp\/v2\/posts\/32390","targetHints":{"allow":["GET"]}}],"collection":[{"href":"https:\/\/elradar.info\/index.php?rest_route=\/wp\/v2\/posts"}],"about":[{"href":"https:\/\/elradar.info\/index.php?rest_route=\/wp\/v2\/types\/post"}],"author":[{"embeddable":true,"href":"https:\/\/elradar.info\/index.php?rest_route=\/wp\/v2\/users\/2"}],"replies":[{"embeddable":true,"href":"https:\/\/elradar.info\/index.php?rest_route=%2Fwp%2Fv2%2Fcomments&post=32390"}],"version-history":[{"count":1,"href":"https:\/\/elradar.info\/index.php?rest_route=\/wp\/v2\/posts\/32390\/revisions"}],"predecessor-version":[{"id":32394,"href":"https:\/\/elradar.info\/index.php?rest_route=\/wp\/v2\/posts\/32390\/revisions\/32394"}],"wp:featuredmedia":[{"embeddable":true,"href":"https:\/\/elradar.info\/index.php?rest_route=\/wp\/v2\/media\/32393"}],"wp:attachment":[{"href":"https:\/\/elradar.info\/index.php?rest_route=%2Fwp%2Fv2%2Fmedia&parent=32390"}],"wp:term":[{"taxonomy":"category","embeddable":true,"href":"https:\/\/elradar.info\/index.php?rest_route=%2Fwp%2Fv2%2Fcategories&post=32390"},{"taxonomy":"post_tag","embeddable":true,"href":"https:\/\/elradar.info\/index.php?rest_route=%2Fwp%2Fv2%2Ftags&post=32390"}],"curies":[{"name":"wp","href":"https:\/\/api.w.org\/{rel}","templated":true}]}}