{"id":32427,"date":"2022-12-27T15:11:50","date_gmt":"2022-12-27T19:11:50","guid":{"rendered":"http:\/\/elradar.info\/?p=32427"},"modified":"2024-02-01T12:11:51","modified_gmt":"2024-02-01T16:11:51","slug":"el-banco-union-celebra-sus-10-anos-inaugurando-nuevas-oficinas-en-el-centro-paceno","status":"publish","type":"post","link":"https:\/\/elradar.info\/?p=32427","title":{"rendered":"<strong>El Banco Uni\u00f3n celebra sus 10 a\u00f1os inaugurando nuevas oficinas en el centro pace\u00f1o<\/strong>"},"content":{"rendered":"\n<p>El presidente Arce record\u00f3 que este banco es un aliado importante en la reconstrucci\u00f3n econ\u00f3mica porque puso su grano de arena en el pago del Bono Contra el Hambre, otorga los cr\u00e9ditos SIBOLIVIA, ayuda en la estabilidad econ\u00f3mica y muestra una gran solvencia financiera a nivel nacional.<\/p>\n\n\n\n<p>La entidad financiera cumple un rol importante en la econom\u00eda boliviana gracias al Modelo Econ\u00f3mico Social Comunitario Productivo que incentiva la producci\u00f3n nacional, genera fuentes de empleo, colabora en contar con la inflaci\u00f3n m\u00e1s baja de la regi\u00f3n y reactiva la econom\u00eda frente a un escenario internacional adverso.<\/p>\n\n\n\n<p>El Gobierno nacional, de la mano del Modelo Econ\u00f3mico Social Comunitario Productivo, otorga certeza y seguridad financiera a todo el pa\u00eds que se traduce en un r\u00e9cord de las exportaciones, una baja inflaci\u00f3n a nivel mundial, estabilidad financiera y otros logros que son admirados en todo el mundo.<\/p>\n\n\n\n<p><strong>Los logros del Banco Uni\u00f3n<\/strong><\/p>\n\n\n\n<ul class=\"wp-block-list\">\n<li>La entidad desembols\u00f3 Bs 655 millones de cr\u00e9ditos SIBOLIVIA.<\/li>\n\n\n\n<li>La entidad administra todos los servicios financieros de la administraci\u00f3n p\u00fablica.<\/li>\n\n\n\n<li>En breve administrar\u00e1 todas las cuentas del sector p\u00fablico no financiero.<\/li>\n\n\n\n<li>La mora bancaria del Banco Uni\u00f3n oscila entre 2 y 3%.<\/li>\n\n\n\n<li>En 2005, la entidad ten\u00eda una mora del 10,5%<\/li>\n\n\n\n<li>La entidad tiene dep\u00f3sitos de m\u00e1s de $us 32.207 millones.<\/li>\n\n\n\n<li>La entidad financi\u00f3 cr\u00e9ditos por $us 31.073 millones<\/li>\n\n\n\n<li>Esta cifra representa un crecimiento del 7% en relaci\u00f3n al pasado a\u00f1o<\/li>\n\n\n\n<li>La entidad otorg\u00f3 cr\u00e9ditos de vivienda de inter\u00e9s social a 96.766 familias.<\/li>\n\n\n\n<li>La entidad otorg\u00f3 cr\u00e9ditos a 784.000 unidades productivas.<\/li>\n\n\n\n<li>El Banco Uni\u00f3n apoya al sector micro y peque\u00f1a empresa del pa\u00eds.<\/li>\n\n\n\n<li>La entidad tiene 187 agencias urbanas y rurales en el pa\u00eds.<\/li>\n\n\n\n<li>La entidad tiene 800 puntos de atenci\u00f3n financiera a nivel nacional.<\/li>\n\n\n\n<li>La entidad tiene presencia en 95% de los municipios del pa\u00eds.<\/li>\n\n\n\n<li>El patrimonio de la entidad alcanza los 395,4 millones de d\u00f3lares.<\/li>\n\n\n\n<li>La entidad cuenta con el mayor patrimonio del sistema financiero a nivel nacional.<\/li>\n\n\n\n<li>La entidad tiene la mayor cobertura de servicios a nivel nacional.<\/li>\n\n\n\n<li>Hace 17 a\u00f1os, el Banco Uni\u00f3n estaba \u00faltimo en el sistema financiero nacional.<\/li>\n\n\n\n<li>El entonces ministro de Econom\u00eda, Luis Arce, posesion\u00f3 al Banco Uni\u00f3n como uno de los principales bancos a nivel nacional en todas las \u00e1reas.<\/li>\n<\/ul>\n","protected":false},"excerpt":{"rendered":"<p>El presidente Arce record\u00f3 que este banco es un aliado importante en la reconstrucci\u00f3n econ\u00f3mica porque puso su grano de arena en el pago del Bono Contra el Hambre, otorga los cr\u00e9ditos SIBOLIVIA, ayuda en la estabilidad econ\u00f3mica y muestra una gran solvencia financiera a nivel nacional. La entidad financiera cumple un rol importante en la econom\u00eda boliviana gracias al Modelo Econ\u00f3mico Social Comunitario Productivo que incentiva la producci\u00f3n nacional, genera fuentes de empleo, colabora en contar con la inflaci\u00f3n m\u00e1s baja de la regi\u00f3n y reactiva la econom\u00eda frente a un escenario internacional adverso. El Gobierno nacional, de la<\/p>\n","protected":false},"author":2,"featured_media":32431,"comment_status":"closed","ping_status":"open","sticky":false,"template":"","format":"standard","meta":{"_seopress_robots_primary_cat":"none","_seopress_titles_title":"","_seopress_titles_desc":"","_seopress_robots_index":"","_jetpack_memberships_contains_paid_content":false,"footnotes":""},"categories":[103],"tags":[4735,109,2344,293,120,1094],"class_list":["post-32427","post","type-post","status-publish","format-standard","has-post-thumbnail","hentry","category-nacional","tag-banco-union","tag-bolivia","tag-inauguracion","tag-la-paz","tag-luis-arce-catacora","tag-nacional"],"jetpack_featured_media_url":"https:\/\/elradar.info\/wp-content\/uploads\/2022\/12\/WhatsApp-Image-2022-12-27-at-12.35.39-PM.jpeg","jetpack_sharing_enabled":true,"amp_enabled":true,"_links":{"self":[{"href":"https:\/\/elradar.info\/index.php?rest_route=\/wp\/v2\/posts\/32427","targetHints":{"allow":["GET"]}}],"collection":[{"href":"https:\/\/elradar.info\/index.php?rest_route=\/wp\/v2\/posts"}],"about":[{"href":"https:\/\/elradar.info\/index.php?rest_route=\/wp\/v2\/types\/post"}],"author":[{"embeddable":true,"href":"https:\/\/elradar.info\/index.php?rest_route=\/wp\/v2\/users\/2"}],"replies":[{"embeddable":true,"href":"https:\/\/elradar.info\/index.php?rest_route=%2Fwp%2Fv2%2Fcomments&post=32427"}],"version-history":[{"count":1,"href":"https:\/\/elradar.info\/index.php?rest_route=\/wp\/v2\/posts\/32427\/revisions"}],"predecessor-version":[{"id":32432,"href":"https:\/\/elradar.info\/index.php?rest_route=\/wp\/v2\/posts\/32427\/revisions\/32432"}],"wp:featuredmedia":[{"embeddable":true,"href":"https:\/\/elradar.info\/index.php?rest_route=\/wp\/v2\/media\/32431"}],"wp:attachment":[{"href":"https:\/\/elradar.info\/index.php?rest_route=%2Fwp%2Fv2%2Fmedia&parent=32427"}],"wp:term":[{"taxonomy":"category","embeddable":true,"href":"https:\/\/elradar.info\/index.php?rest_route=%2Fwp%2Fv2%2Fcategories&post=32427"},{"taxonomy":"post_tag","embeddable":true,"href":"https:\/\/elradar.info\/index.php?rest_route=%2Fwp%2Fv2%2Ftags&post=32427"}],"curies":[{"name":"wp","href":"https:\/\/api.w.org\/{rel}","templated":true}]}}