{"id":32454,"date":"2022-12-28T12:52:19","date_gmt":"2022-12-28T16:52:19","guid":{"rendered":"http:\/\/elradar.info\/?p=32454"},"modified":"2024-02-01T12:11:51","modified_gmt":"2024-02-01T16:11:51","slug":"un-tornado-en-la-ciudad-de-el-alto-dejo-muros-y-techos-destruidos","status":"publish","type":"post","link":"https:\/\/elradar.info\/?p=32454","title":{"rendered":"<strong>Un tornado en la ciudad de El Alto dej\u00f3 muros y techos destruidos<\/strong>"},"content":{"rendered":"\n<p>Un tornado se registr\u00f3 este mi\u00e9rcoles, 27 de diciembre, en horas de la tarde, en el Distrito 5 de la ciudad de El Alto, el fen\u00f3meno se llev\u00f3 varios muros y techos y en la zona Los Andes y el servicio de energ\u00eda el\u00e9ctrica est\u00e1 cortado.<\/p>\n\n\n\n<p>Actualmente la Alcald\u00eda de la urbe alte\u00f1a, analiza los da\u00f1os que caus\u00f3 el tornado, ya que, seg\u00fan los vecinos del lugar, el fen\u00f3meno caus\u00f3 da\u00f1os materiales en al menos cinco viviendas de la zona Los Andes. Aparentemente dichas casas se quedaron sin techo, los materiales de las construcciones quedaron extendidos en la avenida.<\/p>\n\n\n\n<p>Una de las casas qued\u00f3 \u201cpartida\u201d por la mitad y en otra, el propietario recolect\u00f3 las calaminas que se doblaron como un simple papel.<\/p>\n\n\n\n<p><em>\u201cHemos sido totalmente afectados, ha levantado los ladrillos, los machones, hay vientos que pasan, pero no de esta magnitud, ahora estamos sin luz, no sabemos qu\u00e9 hacer. Es la primera vez que sucede esto, ha votado mis calaminas, ha sacado los clavos como si nada\u201d,<\/em> dijo uno de los vecinos a un medio de televisi\u00f3n..<\/p>\n\n\n\n<p>El secretario de Gesti\u00f3n Ambiental y Riesgos de la Alcald\u00eda de El Alto, Gabriel Pary, explic\u00f3 que se analizan los da\u00f1os materiales causados por el tornado, para de esta manera apoyar a los vecinos que sufrieron p\u00e9rdidas en cuanto a sus viviendas.<\/p>\n","protected":false},"excerpt":{"rendered":"<p>Un tornado se registr\u00f3 este mi\u00e9rcoles, 27 de diciembre, en horas de la tarde, en el Distrito 5 de la ciudad de El Alto, el fen\u00f3meno se llev\u00f3 varios muros y techos y en la zona Los Andes y el servicio de energ\u00eda el\u00e9ctrica est\u00e1 cortado. Actualmente la Alcald\u00eda de la urbe alte\u00f1a, analiza los da\u00f1os que caus\u00f3 el tornado, ya que, seg\u00fan los vecinos del lugar, el fen\u00f3meno caus\u00f3 da\u00f1os materiales en al menos cinco viviendas de la zona Los Andes. Aparentemente dichas casas se quedaron sin techo, los materiales de las construcciones quedaron extendidos en la avenida. Una<\/p>\n","protected":false},"author":2,"featured_media":32457,"comment_status":"closed","ping_status":"open","sticky":false,"template":"","format":"standard","meta":{"_seopress_robots_primary_cat":"none","_seopress_titles_title":"","_seopress_titles_desc":"","_seopress_robots_index":"","_jetpack_memberships_contains_paid_content":false,"footnotes":""},"categories":[103],"tags":[109,401,1094,255],"class_list":["post-32454","post","type-post","status-publish","format-standard","has-post-thumbnail","hentry","category-nacional","tag-bolivia","tag-el-alto","tag-nacional","tag-tornado"],"jetpack_featured_media_url":"https:\/\/elradar.info\/wp-content\/uploads\/2022\/12\/tornado.jpg","jetpack_sharing_enabled":true,"amp_enabled":true,"_links":{"self":[{"href":"https:\/\/elradar.info\/index.php?rest_route=\/wp\/v2\/posts\/32454","targetHints":{"allow":["GET"]}}],"collection":[{"href":"https:\/\/elradar.info\/index.php?rest_route=\/wp\/v2\/posts"}],"about":[{"href":"https:\/\/elradar.info\/index.php?rest_route=\/wp\/v2\/types\/post"}],"author":[{"embeddable":true,"href":"https:\/\/elradar.info\/index.php?rest_route=\/wp\/v2\/users\/2"}],"replies":[{"embeddable":true,"href":"https:\/\/elradar.info\/index.php?rest_route=%2Fwp%2Fv2%2Fcomments&post=32454"}],"version-history":[{"count":1,"href":"https:\/\/elradar.info\/index.php?rest_route=\/wp\/v2\/posts\/32454\/revisions"}],"predecessor-version":[{"id":32458,"href":"https:\/\/elradar.info\/index.php?rest_route=\/wp\/v2\/posts\/32454\/revisions\/32458"}],"wp:featuredmedia":[{"embeddable":true,"href":"https:\/\/elradar.info\/index.php?rest_route=\/wp\/v2\/media\/32457"}],"wp:attachment":[{"href":"https:\/\/elradar.info\/index.php?rest_route=%2Fwp%2Fv2%2Fmedia&parent=32454"}],"wp:term":[{"taxonomy":"category","embeddable":true,"href":"https:\/\/elradar.info\/index.php?rest_route=%2Fwp%2Fv2%2Fcategories&post=32454"},{"taxonomy":"post_tag","embeddable":true,"href":"https:\/\/elradar.info\/index.php?rest_route=%2Fwp%2Fv2%2Ftags&post=32454"}],"curies":[{"name":"wp","href":"https:\/\/api.w.org\/{rel}","templated":true}]}}