{"id":32514,"date":"2022-12-29T16:48:38","date_gmt":"2022-12-29T20:48:38","guid":{"rendered":"http:\/\/elradar.info\/?p=32514"},"modified":"2024-02-01T12:11:50","modified_gmt":"2024-02-01T16:11:50","slug":"26-muertos-y-decenas-de-heridos-son-el-doloroso-saldo-de-las-protestas-en-peru","status":"publish","type":"post","link":"https:\/\/elradar.info\/?p=32514","title":{"rendered":"<strong>26 muertos y decenas de heridos son el doloroso saldo de las protestas en Per\u00fa<\/strong>"},"content":{"rendered":"\n<p>Un doloroso saldo deja la excesiva represi\u00f3n en las protestas peruanas iniciadas por el cierre del Congreso y en desacuerdo con la asunci\u00f3n de Dina Boluarte como reemplazante del expresidente Castillo. Uno de estos casos fue el de Edgar Prado, un mec\u00e1nico de 51 a\u00f1os que muri\u00f3 cuando prestaba auxilio a un herido en la puerta de su casa. Otro caso es el de un menor de 13 a\u00f1os quien fue herido de bala en la columna y, por ello, perdi\u00f3 el uso de sus piernas.<\/p>\n\n\n\n<p>Un informe del Ministerio de Salud de Per\u00fa dice que al menos 26 personas en medio de los conflictos nueve personas fallecieron en Ayacucho, seis en Apur\u00edmac, tres en Cuzco, tres en Jun\u00edn y La Libertad y dos en Arequipa.<\/p>\n\n\n\n<p>Las protestas se encuentran en cuarto intermedio hasta este 4 de enero, cuando se reiniciar\u00e1n los bloqueos y las movilizaciones. Ante esta posibilidad, la presidenta, Dina Boluarte, dijo ante medios de comunicaci\u00f3n extranjeros:<\/p>\n\n\n\n<p><em>\u201c\u00bfQu\u00e9 resolver\u00eda mi renuncia? Estar\u00edamos generando una anarqu\u00eda en el pa\u00eds. Porque a mi renuncia vendr\u00eda a asumir la presidencia de la Rep\u00fablica (Jos\u00e9 Williams). Ya la poblaci\u00f3n sabe la calificaci\u00f3n y la puntuaci\u00f3n que tiene el Congreso en esta fecha<\/em>\u201d, expres\u00f3.<\/p>\n","protected":false},"excerpt":{"rendered":"<p>Un doloroso saldo deja la excesiva represi\u00f3n en las protestas peruanas iniciadas por el cierre del Congreso y en desacuerdo con la asunci\u00f3n de Dina Boluarte como reemplazante del expresidente Castillo. Uno de estos casos fue el de Edgar Prado, un mec\u00e1nico de 51 a\u00f1os que muri\u00f3 cuando prestaba auxilio a un herido en la puerta de su casa. Otro caso es el de un menor de 13 a\u00f1os quien fue herido de bala en la columna y, por ello, perdi\u00f3 el uso de sus piernas. Un informe del Ministerio de Salud de Per\u00fa dice que al menos 26 personas<\/p>\n","protected":false},"author":1,"featured_media":32517,"comment_status":"closed","ping_status":"open","sticky":false,"template":"","format":"standard","meta":{"_seopress_robots_primary_cat":"none","_seopress_titles_title":"","_seopress_titles_desc":"","_seopress_robots_index":"","_jetpack_memberships_contains_paid_content":false,"footnotes":""},"categories":[107],"tags":[113,5676,176,1634],"class_list":["post-32514","post","type-post","status-publish","format-standard","has-post-thumbnail","hentry","category-internacional","tag-internacional","tag-muertes","tag-peru","tag-protestas"],"jetpack_featured_media_url":"https:\/\/elradar.info\/wp-content\/uploads\/2022\/12\/Peru-hay-al-menos-15-muertos-por-las-protestas-tras.jpg","jetpack_sharing_enabled":true,"amp_enabled":true,"_links":{"self":[{"href":"https:\/\/elradar.info\/index.php?rest_route=\/wp\/v2\/posts\/32514","targetHints":{"allow":["GET"]}}],"collection":[{"href":"https:\/\/elradar.info\/index.php?rest_route=\/wp\/v2\/posts"}],"about":[{"href":"https:\/\/elradar.info\/index.php?rest_route=\/wp\/v2\/types\/post"}],"author":[{"embeddable":true,"href":"https:\/\/elradar.info\/index.php?rest_route=\/wp\/v2\/users\/1"}],"replies":[{"embeddable":true,"href":"https:\/\/elradar.info\/index.php?rest_route=%2Fwp%2Fv2%2Fcomments&post=32514"}],"version-history":[{"count":1,"href":"https:\/\/elradar.info\/index.php?rest_route=\/wp\/v2\/posts\/32514\/revisions"}],"predecessor-version":[{"id":32518,"href":"https:\/\/elradar.info\/index.php?rest_route=\/wp\/v2\/posts\/32514\/revisions\/32518"}],"wp:featuredmedia":[{"embeddable":true,"href":"https:\/\/elradar.info\/index.php?rest_route=\/wp\/v2\/media\/32517"}],"wp:attachment":[{"href":"https:\/\/elradar.info\/index.php?rest_route=%2Fwp%2Fv2%2Fmedia&parent=32514"}],"wp:term":[{"taxonomy":"category","embeddable":true,"href":"https:\/\/elradar.info\/index.php?rest_route=%2Fwp%2Fv2%2Fcategories&post=32514"},{"taxonomy":"post_tag","embeddable":true,"href":"https:\/\/elradar.info\/index.php?rest_route=%2Fwp%2Fv2%2Ftags&post=32514"}],"curies":[{"name":"wp","href":"https:\/\/api.w.org\/{rel}","templated":true}]}}