{"id":32597,"date":"2023-01-03T15:54:42","date_gmt":"2023-01-03T19:54:42","guid":{"rendered":"http:\/\/elradar.info\/?p=32597"},"modified":"2024-02-01T12:11:49","modified_gmt":"2024-02-01T16:11:49","slug":"arce-inaugura-planta-piscicola-y-afirma-que-la-paz-ingresa-en-la-era-de-la-industrializacion","status":"publish","type":"post","link":"https:\/\/elradar.info\/?p=32597","title":{"rendered":"Arce inaugura Planta Pisc\u00edcola y afirma que \u201cLa Paz ingresa en la era de la industrializaci\u00f3n\u201d"},"content":{"rendered":"\n<p>El presidente, Luis Arce Catacora, puso este martes la piedra fundamental en el municipio de Tiquina, departamento de La Paz, para el inicio de obras de la moderna Planta Pisc\u00edcola en el lago Titicaca que tendr\u00e1 una inversi\u00f3n de Bs 87,7 millones.<\/p>\n\n\n\n<p>&#8220;Hoy ponemos la piedra fundamental para iniciar la construcci\u00f3n de la Planta Pisc\u00edcola aqu\u00eden el lago Titicaca. La Paz ingresa en la era de la industrializaci\u00f3n de sus productos, ese valor agregado important\u00edsimo&#8221;, afirm\u00f3 el Jefe de Estado.<\/p>\n\n\n\n<p>La planta, que ser\u00e1 implementada en un a\u00f1o y cuatro meses, contempla todo el cicloproductivo, es decir, la producci\u00f3n de alevines, su crianza, el engorde, producci\u00f3n dealimento balanceado y su industrializaci\u00f3n que contempla el faeno, el envasado al vac\u00edo y su comercializaci\u00f3n en todo el pa\u00eds cuidando la cadena de fr\u00edo correspondiente.<\/p>\n\n\n\n<p>La obra tiene por objetivo contribuir a la seguridad alimentaria con soberan\u00eda y promover eldesarrollo productivo y econ\u00f3mico nacional, adem\u00e1s de la comercializaci\u00f3n en el mercadolocal y de exportaci\u00f3n con aproximadamente 488 toneladas al a\u00f1o de carne y alimentobalanceado de 2.00 toneladas a\u00f1o.<\/p>\n\n\n\n<figure class=\"wp-block-gallery has-nested-images columns-default is-cropped wp-block-gallery-1 is-layout-flex wp-block-gallery-is-layout-flex\">\n<figure class=\"wp-block-image size-large\"><img loading=\"lazy\" decoding=\"async\" width=\"1024\" height=\"576\" data-id=\"32600\" src=\"https:\/\/elradar.info\/wp-content\/uploads\/2023\/01\/IMG_20230103_154737_908-1024x576.jpg\" alt=\"\" class=\"wp-image-32600\" srcset=\"https:\/\/elradar.info\/wp-content\/uploads\/2023\/01\/IMG_20230103_154737_908-1024x576.jpg 1024w, https:\/\/elradar.info\/wp-content\/uploads\/2023\/01\/IMG_20230103_154737_908-300x169.jpg 300w, https:\/\/elradar.info\/wp-content\/uploads\/2023\/01\/IMG_20230103_154737_908-768x432.jpg 768w, https:\/\/elradar.info\/wp-content\/uploads\/2023\/01\/IMG_20230103_154737_908-480x270.jpg 480w, https:\/\/elradar.info\/wp-content\/uploads\/2023\/01\/IMG_20230103_154737_908.jpg 1280w\" sizes=\"auto, (max-width: 1024px) 100vw, 1024px\" \/><\/figure>\n\n\n\n<figure class=\"wp-block-image size-large\"><img loading=\"lazy\" decoding=\"async\" width=\"1024\" height=\"586\" data-id=\"32601\" src=\"https:\/\/elradar.info\/wp-content\/uploads\/2023\/01\/IMG_20230103_154738_323-1024x586.jpg\" alt=\"\" class=\"wp-image-32601\" srcset=\"https:\/\/elradar.info\/wp-content\/uploads\/2023\/01\/IMG_20230103_154738_323-1024x586.jpg 1024w, https:\/\/elradar.info\/wp-content\/uploads\/2023\/01\/IMG_20230103_154738_323-300x172.jpg 300w, https:\/\/elradar.info\/wp-content\/uploads\/2023\/01\/IMG_20230103_154738_323-768x440.jpg 768w, https:\/\/elradar.info\/wp-content\/uploads\/2023\/01\/IMG_20230103_154738_323-480x275.jpg 480w, https:\/\/elradar.info\/wp-content\/uploads\/2023\/01\/IMG_20230103_154738_323.jpg 1280w\" sizes=\"auto, (max-width: 1024px) 100vw, 1024px\" \/><\/figure>\n\n\n\n<figure class=\"wp-block-image size-large\"><img loading=\"lazy\" decoding=\"async\" width=\"1024\" height=\"682\" data-id=\"32602\" src=\"https:\/\/elradar.info\/wp-content\/uploads\/2023\/01\/IMG_20230103_154737_808-1024x682.jpg\" alt=\"\" class=\"wp-image-32602\" srcset=\"https:\/\/elradar.info\/wp-content\/uploads\/2023\/01\/IMG_20230103_154737_808-1024x682.jpg 1024w, https:\/\/elradar.info\/wp-content\/uploads\/2023\/01\/IMG_20230103_154737_808-300x200.jpg 300w, https:\/\/elradar.info\/wp-content\/uploads\/2023\/01\/IMG_20230103_154737_808-768x512.jpg 768w, https:\/\/elradar.info\/wp-content\/uploads\/2023\/01\/IMG_20230103_154737_808-720x480.jpg 720w, https:\/\/elradar.info\/wp-content\/uploads\/2023\/01\/IMG_20230103_154737_808-480x320.jpg 480w, https:\/\/elradar.info\/wp-content\/uploads\/2023\/01\/IMG_20230103_154737_808.jpg 1280w\" sizes=\"auto, (max-width: 1024px) 100vw, 1024px\" \/><\/figure>\n\n\n\n<figure class=\"wp-block-image size-large\"><img loading=\"lazy\" decoding=\"async\" width=\"1024\" height=\"682\" data-id=\"32603\" src=\"https:\/\/elradar.info\/wp-content\/uploads\/2023\/01\/IMG_20230103_154738_286-1024x682.jpg\" alt=\"\" class=\"wp-image-32603\" srcset=\"https:\/\/elradar.info\/wp-content\/uploads\/2023\/01\/IMG_20230103_154738_286-1024x682.jpg 1024w, https:\/\/elradar.info\/wp-content\/uploads\/2023\/01\/IMG_20230103_154738_286-300x200.jpg 300w, https:\/\/elradar.info\/wp-content\/uploads\/2023\/01\/IMG_20230103_154738_286-768x512.jpg 768w, https:\/\/elradar.info\/wp-content\/uploads\/2023\/01\/IMG_20230103_154738_286-720x480.jpg 720w, https:\/\/elradar.info\/wp-content\/uploads\/2023\/01\/IMG_20230103_154738_286-480x320.jpg 480w, https:\/\/elradar.info\/wp-content\/uploads\/2023\/01\/IMG_20230103_154738_286.jpg 1280w\" sizes=\"auto, (max-width: 1024px) 100vw, 1024px\" \/><\/figure>\n<\/figure>\n","protected":false},"excerpt":{"rendered":"<p>El presidente, Luis Arce Catacora, puso este martes la piedra fundamental en el municipio de Tiquina, departamento de La Paz, para el inicio de obras de la moderna Planta Pisc\u00edcola en el lago Titicaca que tendr\u00e1 una inversi\u00f3n de Bs 87,7 millones. &#8220;Hoy ponemos la piedra fundamental para iniciar la construcci\u00f3n de la Planta Pisc\u00edcola aqu\u00eden el lago Titicaca. La Paz ingresa en la era de la industrializaci\u00f3n de sus productos, ese valor agregado important\u00edsimo&#8221;, afirm\u00f3 el Jefe de Estado. La planta, que ser\u00e1 implementada en un a\u00f1o y cuatro meses, contempla todo el cicloproductivo, es decir, la producci\u00f3n de<\/p>\n","protected":false},"author":2,"featured_media":32604,"comment_status":"closed","ping_status":"open","sticky":false,"template":"","format":"standard","meta":{"_seopress_robots_primary_cat":"none","_seopress_titles_title":"","_seopress_titles_desc":"","_seopress_robots_index":"","_jetpack_memberships_contains_paid_content":false,"footnotes":""},"categories":[103],"tags":[109,2344,293,120,1094,5825],"class_list":["post-32597","post","type-post","status-publish","format-standard","has-post-thumbnail","hentry","category-nacional","tag-bolivia","tag-inauguracion","tag-la-paz","tag-luis-arce-catacora","tag-nacional","tag-planta-piscicola"],"jetpack_featured_media_url":"https:\/\/elradar.info\/wp-content\/uploads\/2023\/01\/IMG_20230103_154737_829.jpg","jetpack_sharing_enabled":true,"amp_enabled":true,"_links":{"self":[{"href":"https:\/\/elradar.info\/index.php?rest_route=\/wp\/v2\/posts\/32597","targetHints":{"allow":["GET"]}}],"collection":[{"href":"https:\/\/elradar.info\/index.php?rest_route=\/wp\/v2\/posts"}],"about":[{"href":"https:\/\/elradar.info\/index.php?rest_route=\/wp\/v2\/types\/post"}],"author":[{"embeddable":true,"href":"https:\/\/elradar.info\/index.php?rest_route=\/wp\/v2\/users\/2"}],"replies":[{"embeddable":true,"href":"https:\/\/elradar.info\/index.php?rest_route=%2Fwp%2Fv2%2Fcomments&post=32597"}],"version-history":[{"count":1,"href":"https:\/\/elradar.info\/index.php?rest_route=\/wp\/v2\/posts\/32597\/revisions"}],"predecessor-version":[{"id":32605,"href":"https:\/\/elradar.info\/index.php?rest_route=\/wp\/v2\/posts\/32597\/revisions\/32605"}],"wp:featuredmedia":[{"embeddable":true,"href":"https:\/\/elradar.info\/index.php?rest_route=\/wp\/v2\/media\/32604"}],"wp:attachment":[{"href":"https:\/\/elradar.info\/index.php?rest_route=%2Fwp%2Fv2%2Fmedia&parent=32597"}],"wp:term":[{"taxonomy":"category","embeddable":true,"href":"https:\/\/elradar.info\/index.php?rest_route=%2Fwp%2Fv2%2Fcategories&post=32597"},{"taxonomy":"post_tag","embeddable":true,"href":"https:\/\/elradar.info\/index.php?rest_route=%2Fwp%2Fv2%2Ftags&post=32597"}],"curies":[{"name":"wp","href":"https:\/\/api.w.org\/{rel}","templated":true}]}}