{"id":32606,"date":"2023-01-03T16:42:15","date_gmt":"2023-01-03T20:42:15","guid":{"rendered":"http:\/\/elradar.info\/?p=32606"},"modified":"2024-02-01T12:11:49","modified_gmt":"2024-02-01T16:11:49","slug":"disyuntiva-acerca-de-quien-asumira-la-gobernacion-luego-de-la-aprehension-de-camacho","status":"publish","type":"post","link":"https:\/\/elradar.info\/?p=32606","title":{"rendered":"Disyuntiva acerca de qui\u00e9n asumir\u00e1 la gobernaci\u00f3n luego de la aprehensi\u00f3n de Camacho"},"content":{"rendered":"\n<p>Mientras Luis Fernando Camacho contin\u00faa aprehendido en celdas del penal de Chonchocoro a\u00fan se tiene incertidumbre acerca de qui\u00e9n podr\u00eda asumir las funciones que cumpl\u00eda como gobernador.<\/p>\n\n\n\n<p>Si bien, seg\u00fan el organigrama de la gobernaci\u00f3n cruce\u00f1a, quien deber\u00eda asumir el cargo ser\u00eda el vicegobernador Luis Aguilera, \u00e9l no goza de la predilecci\u00f3n de Luis Fernando Camacho, quien m\u00e1s de una vez se neg\u00f3 a dejar la batuta en sus manos durante su ausencia. Por otro lado, quien es el elegido de los \u201ccamachistas\u201d para ocupar el cargo de gobernador es Zvonko Matkovic hijo, uno de los implicados en el sonado caso \u201cTerrorismo y saparatismo\u201d.<\/p>\n\n\n\n<p>Matkovic pas\u00f3 ocho a\u00f1os en la c\u00e1rcel por su papel en las muertes del \u201chotel Las Am\u00e9ricas\u201d, cuando un grupo irregular, presuntamente con el fin de asesinar al presidente e impulsar el separatismo en Bolivia, result\u00f3 muerto en un operativo policial. Actualmente, Matkovic ocupa el cargo de presidente de la Asamblea Legislativa Departamental.<\/p>\n","protected":false},"excerpt":{"rendered":"<p>Mientras Luis Fernando Camacho contin\u00faa aprehendido en celdas del penal de Chonchocoro a\u00fan se tiene incertidumbre acerca de qui\u00e9n podr\u00eda asumir las funciones que cumpl\u00eda como gobernador. Si bien, seg\u00fan el organigrama de la gobernaci\u00f3n cruce\u00f1a, quien deber\u00eda asumir el cargo ser\u00eda el vicegobernador Luis Aguilera, \u00e9l no goza de la predilecci\u00f3n de Luis Fernando Camacho, quien m\u00e1s de una vez se neg\u00f3 a dejar la batuta en sus manos durante su ausencia. Por otro lado, quien es el elegido de los \u201ccamachistas\u201d para ocupar el cargo de gobernador es Zvonko Matkovic hijo, uno de los implicados en el sonado<\/p>\n","protected":false},"author":2,"featured_media":32609,"comment_status":"closed","ping_status":"open","sticky":false,"template":"","format":"standard","meta":{"_seopress_robots_primary_cat":"none","_seopress_titles_title":"","_seopress_titles_desc":"","_seopress_robots_index":"","_jetpack_memberships_contains_paid_content":false,"footnotes":""},"categories":[103],"tags":[109,580,235,1094,167],"class_list":["post-32606","post","type-post","status-publish","format-standard","has-post-thumbnail","hentry","category-nacional","tag-bolivia","tag-gobernacion","tag-luis-fernando-camacho","tag-nacional","tag-santa-cruz"],"jetpack_featured_media_url":"https:\/\/elradar.info\/wp-content\/uploads\/2023\/01\/63adcc53e9ff71487722df8f.jpg","jetpack_sharing_enabled":true,"amp_enabled":true,"_links":{"self":[{"href":"https:\/\/elradar.info\/index.php?rest_route=\/wp\/v2\/posts\/32606","targetHints":{"allow":["GET"]}}],"collection":[{"href":"https:\/\/elradar.info\/index.php?rest_route=\/wp\/v2\/posts"}],"about":[{"href":"https:\/\/elradar.info\/index.php?rest_route=\/wp\/v2\/types\/post"}],"author":[{"embeddable":true,"href":"https:\/\/elradar.info\/index.php?rest_route=\/wp\/v2\/users\/2"}],"replies":[{"embeddable":true,"href":"https:\/\/elradar.info\/index.php?rest_route=%2Fwp%2Fv2%2Fcomments&post=32606"}],"version-history":[{"count":1,"href":"https:\/\/elradar.info\/index.php?rest_route=\/wp\/v2\/posts\/32606\/revisions"}],"predecessor-version":[{"id":32610,"href":"https:\/\/elradar.info\/index.php?rest_route=\/wp\/v2\/posts\/32606\/revisions\/32610"}],"wp:featuredmedia":[{"embeddable":true,"href":"https:\/\/elradar.info\/index.php?rest_route=\/wp\/v2\/media\/32609"}],"wp:attachment":[{"href":"https:\/\/elradar.info\/index.php?rest_route=%2Fwp%2Fv2%2Fmedia&parent=32606"}],"wp:term":[{"taxonomy":"category","embeddable":true,"href":"https:\/\/elradar.info\/index.php?rest_route=%2Fwp%2Fv2%2Fcategories&post=32606"},{"taxonomy":"post_tag","embeddable":true,"href":"https:\/\/elradar.info\/index.php?rest_route=%2Fwp%2Fv2%2Ftags&post=32606"}],"curies":[{"name":"wp","href":"https:\/\/api.w.org\/{rel}","templated":true}]}}