{"id":32642,"date":"2023-01-04T13:43:08","date_gmt":"2023-01-04T17:43:08","guid":{"rendered":"http:\/\/elradar.info\/?p=32642"},"modified":"2024-02-01T12:11:49","modified_gmt":"2024-02-01T16:11:49","slug":"empresarios-crucenos-publican-un-video-en-el-que-piden-poder-trabajar","status":"publish","type":"post","link":"https:\/\/elradar.info\/?p=32642","title":{"rendered":"Empresarios cruce\u00f1os publican un video en el que piden poder trabajar"},"content":{"rendered":"\n<p>A trav\u00e9s de un video conjunto en el que participaron el presidente de la Federaci\u00f3n de Empresarios Privados de Santa Cruz, Jean Pierre Antelo; el titular de la C\u00e1mara de Industria, Comercio, Servicios y Turismo de Santa Cruz (CAINCO), Fernando Hurtado; y el presidente de la C\u00e1mara Agropecuaria del Oriente (CAO), \u00d3scar Mario Justiniano, mostraron su posici\u00f3n sobre los acontecimientos en Santa Cruz y demandaron al gobierno respeto al Estado de Derecho e institucionalidad.<\/p>\n\n\n\n<p>El titular de la CAINCO asever\u00f3 que no se puede atentar contra la econom\u00eda de Santa Cruz porque debilitar\u00eda al departamento frente a \u201carbitrariedades\u201d: \u201cSi el sector privado no puede trabajar porque cada vez sufre nuevas interrupciones, cercos, paros o bloqueos, perder\u00e1 fuerza. Qued\u00e1ndonos d\u00e9biles econ\u00f3micamente ser\u00e1 m\u00e1s dif\u00edcil resistir las arbitrariedades, para enfrentarlo hay que entregar el doble, y el partido que estamos jugando durar\u00e1 m\u00e1s de 90 minutos\u201d, puntualiz\u00f3.<\/p>\n\n\n\n<p>Por su parte, Oscar Justiniano, expres\u00f3: \u201cDefender nuestra tierra es asegurar la alimentaci\u00f3n del futuro, siempre y sin cansarnos vamos a defender la tierra, sea contra avasalladores, traficantes de tierra, invasores y usurpadores, aportamos a nuestro patrimonio y nuestro trabajo\u201d.<\/p>\n\n\n\n<p>Jean Pierre Antelo agreg\u00f3 que defender\u00e1n el derecho de alzar la voz cuando los quieren callar, y tambi\u00e9n el derecho al debido proceso cuando un ciudadano o las autoridades son atropelladas. <\/p>\n","protected":false},"excerpt":{"rendered":"<p>A trav\u00e9s de un video conjunto en el que participaron el presidente de la Federaci\u00f3n de Empresarios Privados de Santa Cruz, Jean Pierre Antelo; el titular de la C\u00e1mara de Industria, Comercio, Servicios y Turismo de Santa Cruz (CAINCO), Fernando Hurtado; y el presidente de la C\u00e1mara Agropecuaria del Oriente (CAO), \u00d3scar Mario Justiniano, mostraron su posici\u00f3n sobre los acontecimientos en Santa Cruz y demandaron al gobierno respeto al Estado de Derecho e institucionalidad. El titular de la CAINCO asever\u00f3 que no se puede atentar contra la econom\u00eda de Santa Cruz porque debilitar\u00eda al departamento frente a \u201carbitrariedades\u201d: \u201cSi el<\/p>\n","protected":false},"author":2,"featured_media":32645,"comment_status":"closed","ping_status":"open","sticky":false,"template":"","format":"standard","meta":{"_seopress_robots_primary_cat":"none","_seopress_titles_title":"","_seopress_titles_desc":"","_seopress_robots_index":"","_jetpack_memberships_contains_paid_content":false,"footnotes":""},"categories":[103],"tags":[109,2579,5831,167],"class_list":["post-32642","post","type-post","status-publish","format-standard","has-post-thumbnail","hentry","category-nacional","tag-bolivia","tag-empresarios","tag-jean-pierre-antelo","tag-santa-cruz"],"jetpack_featured_media_url":"https:\/\/elradar.info\/wp-content\/uploads\/2023\/01\/Empresarios.jpg","jetpack_sharing_enabled":true,"amp_enabled":true,"_links":{"self":[{"href":"https:\/\/elradar.info\/index.php?rest_route=\/wp\/v2\/posts\/32642","targetHints":{"allow":["GET"]}}],"collection":[{"href":"https:\/\/elradar.info\/index.php?rest_route=\/wp\/v2\/posts"}],"about":[{"href":"https:\/\/elradar.info\/index.php?rest_route=\/wp\/v2\/types\/post"}],"author":[{"embeddable":true,"href":"https:\/\/elradar.info\/index.php?rest_route=\/wp\/v2\/users\/2"}],"replies":[{"embeddable":true,"href":"https:\/\/elradar.info\/index.php?rest_route=%2Fwp%2Fv2%2Fcomments&post=32642"}],"version-history":[{"count":1,"href":"https:\/\/elradar.info\/index.php?rest_route=\/wp\/v2\/posts\/32642\/revisions"}],"predecessor-version":[{"id":32646,"href":"https:\/\/elradar.info\/index.php?rest_route=\/wp\/v2\/posts\/32642\/revisions\/32646"}],"wp:featuredmedia":[{"embeddable":true,"href":"https:\/\/elradar.info\/index.php?rest_route=\/wp\/v2\/media\/32645"}],"wp:attachment":[{"href":"https:\/\/elradar.info\/index.php?rest_route=%2Fwp%2Fv2%2Fmedia&parent=32642"}],"wp:term":[{"taxonomy":"category","embeddable":true,"href":"https:\/\/elradar.info\/index.php?rest_route=%2Fwp%2Fv2%2Fcategories&post=32642"},{"taxonomy":"post_tag","embeddable":true,"href":"https:\/\/elradar.info\/index.php?rest_route=%2Fwp%2Fv2%2Ftags&post=32642"}],"curies":[{"name":"wp","href":"https:\/\/api.w.org\/{rel}","templated":true}]}}