{"id":32733,"date":"2023-01-06T13:07:44","date_gmt":"2023-01-06T17:07:44","guid":{"rendered":"http:\/\/elradar.info\/?p=32733"},"modified":"2024-02-01T12:10:49","modified_gmt":"2024-02-01T16:10:49","slug":"conflicto-en-santa-cruz-dejo-27-inmuebles-y-45-vehiculos-quemados","status":"publish","type":"post","link":"https:\/\/elradar.info\/?p=32733","title":{"rendered":"Conflicto en Santa Cruz dej\u00f3 27 inmuebles y 45 veh\u00edculos quemados"},"content":{"rendered":"\n<p>A nueve d\u00edas del conflicto en Santa Cruz, 27 inmuebles y 45 veh\u00edculos fueron quemados y vandalizados por los movilizados que exigen la liberaci\u00f3n del gobernador Luis Fernando Camacho.<\/p>\n\n\n\n<p>\u201cTenemos 27 infraestructuras da\u00f1adas entre p\u00fablicas y privadas y 44 veh\u00edculos quemados, adem\u00e1s de 26 efectivos policiales heridos\u201d, dijo el ministro de Gobierno, Eduardo del Castillo.<\/p>\n\n\n\n<p>Sumado a eso, la noche del jueves, ocurri\u00f3 un enfrentamiento entre polic\u00edas y movilizados. Quemaron un veh\u00edculo de la estaci\u00f3n policial del Plan 3000, en la capital cruce\u00f1a.<\/p>\n\n\n\n<p>Adem\u00e1s, Del Castillo inform\u00f3 de 76 personas aprehendidas. De ellas, 24 ya recibieron sentencia, 14 tiene detenci\u00f3n domiciliaria y 22 est\u00e1n aprehendidas, mientras que 16 fueron beneficiadas con medidas sustitutivas.<\/p>\n\n\n\n<p>\u201cEstos sectores atacaron propiedad privada y p\u00fablica y provocaron da\u00f1os cuantiosos en el pa\u00eds\u201d, apunt\u00f3 el ministro.<\/p>\n\n\n\n<p><\/p>\n","protected":false},"excerpt":{"rendered":"<p>A nueve d\u00edas del conflicto en Santa Cruz, 27 inmuebles y 45 veh\u00edculos fueron quemados y vandalizados por los movilizados que exigen la liberaci\u00f3n del gobernador Luis Fernando Camacho. \u201cTenemos 27 infraestructuras da\u00f1adas entre p\u00fablicas y privadas y 44 veh\u00edculos quemados, adem\u00e1s de 26 efectivos policiales heridos\u201d, dijo el ministro de Gobierno, Eduardo del Castillo. Sumado a eso, la noche del jueves, ocurri\u00f3 un enfrentamiento entre polic\u00edas y movilizados. Quemaron un veh\u00edculo de la estaci\u00f3n policial del Plan 3000, en la capital cruce\u00f1a. Adem\u00e1s, Del Castillo inform\u00f3 de 76 personas aprehendidas. De ellas, 24 ya recibieron sentencia, 14 tiene detenci\u00f3n<\/p>\n","protected":false},"author":2,"featured_media":32736,"comment_status":"closed","ping_status":"open","sticky":false,"template":"","format":"standard","meta":{"_seopress_robots_primary_cat":"none","_seopress_titles_title":"","_seopress_titles_desc":"","_seopress_robots_index":"","_jetpack_memberships_contains_paid_content":false,"footnotes":""},"categories":[103],"tags":[109,5842,235,1094,167,4753],"class_list":["post-32733","post","type-post","status-publish","format-standard","has-post-thumbnail","hentry","category-nacional","tag-bolivia","tag-inmuebles","tag-luis-fernando-camacho","tag-nacional","tag-santa-cruz","tag-vehiculos"],"jetpack_featured_media_url":"https:\/\/elradar.info\/wp-content\/uploads\/2023\/01\/SEG-QUEMA-FISCALIA_APG-scaled-1.jpg","jetpack_sharing_enabled":true,"amp_enabled":true,"_links":{"self":[{"href":"https:\/\/elradar.info\/index.php?rest_route=\/wp\/v2\/posts\/32733","targetHints":{"allow":["GET"]}}],"collection":[{"href":"https:\/\/elradar.info\/index.php?rest_route=\/wp\/v2\/posts"}],"about":[{"href":"https:\/\/elradar.info\/index.php?rest_route=\/wp\/v2\/types\/post"}],"author":[{"embeddable":true,"href":"https:\/\/elradar.info\/index.php?rest_route=\/wp\/v2\/users\/2"}],"replies":[{"embeddable":true,"href":"https:\/\/elradar.info\/index.php?rest_route=%2Fwp%2Fv2%2Fcomments&post=32733"}],"version-history":[{"count":1,"href":"https:\/\/elradar.info\/index.php?rest_route=\/wp\/v2\/posts\/32733\/revisions"}],"predecessor-version":[{"id":32737,"href":"https:\/\/elradar.info\/index.php?rest_route=\/wp\/v2\/posts\/32733\/revisions\/32737"}],"wp:featuredmedia":[{"embeddable":true,"href":"https:\/\/elradar.info\/index.php?rest_route=\/wp\/v2\/media\/32736"}],"wp:attachment":[{"href":"https:\/\/elradar.info\/index.php?rest_route=%2Fwp%2Fv2%2Fmedia&parent=32733"}],"wp:term":[{"taxonomy":"category","embeddable":true,"href":"https:\/\/elradar.info\/index.php?rest_route=%2Fwp%2Fv2%2Fcategories&post=32733"},{"taxonomy":"post_tag","embeddable":true,"href":"https:\/\/elradar.info\/index.php?rest_route=%2Fwp%2Fv2%2Ftags&post=32733"}],"curies":[{"name":"wp","href":"https:\/\/api.w.org\/{rel}","templated":true}]}}