{"id":32946,"date":"2023-01-12T15:10:37","date_gmt":"2023-01-12T19:10:37","guid":{"rendered":"http:\/\/elradar.info\/?p=32946"},"modified":"2024-02-01T12:10:46","modified_gmt":"2024-02-01T16:10:46","slug":"el-segip-habilita-la-extension-de-la-cedula-de-identidad-y-licencia-de-conducir-en-formato-digital-en-bolivia","status":"publish","type":"post","link":"https:\/\/elradar.info\/?p=32946","title":{"rendered":"El Segip habilita la extensi\u00f3n de la c\u00e9dula de identidad y licencia de conducir en formato digital en Bolivia"},"content":{"rendered":"\n<p>El Servicio General de Identificaci\u00f3n Personal (Segip) habilit\u00f3 la extensi\u00f3n de la c\u00e9dula de identidad y de la licencia para conducir en formato digital en el pa\u00eds, de acuerdo con el Decreto Supremo 4861, aprobado en gabinete ministerial. Ambas tienen validez en todo el territorio nacional y su vigencia ser\u00e1 de dos a\u00f1os.<\/p>\n\n\n\n<p>La norma se\u00f1ala que el nuevo documento podr\u00e1 ser exhibido en \u201cforma alternativa\u201d a la c\u00e9dula de identidad en formato f\u00edsico. Su sola exhibici\u00f3n acredita la identificaci\u00f3n del titular, \u201csiendo v\u00e1lida en la jurisdicci\u00f3n territorial\u201d.<\/p>\n\n\n\n<p>La obtenci\u00f3n de la c\u00e9dula de identidad y de licencia para conducir en formato digital ser\u00e1 voluntaria y solo se otorgar\u00e1 a las personas que previamente ya cuenten con ambos documentos en formato f\u00edsico.<\/p>\n\n\n\n<p>\u201cLa C\u00e9dula de Identidad en formato digital, solo podr\u00e1 ser exhibida desde la aplicaci\u00f3n m\u00f3vil &#8220;Estado Digital ED-7&#8221;, administrada por el SEGIP\u201d, se\u00f1ala el par\u00e1grafo II del art\u00edculo 4 del decreto 4861.<\/p>\n\n\n\n<p>La habilitaci\u00f3n de la c\u00e9dula de identidad y de la licencia para conducir, en formato digital, podr\u00e1 efectivizarse en un \u00fanico dispositivo m\u00f3vil inteligente, a solicitud del titular.<\/p>\n\n\n\n<p>La vigencia de ambos documentos, en el nuevo formato, tendr\u00e1 una vigencia de dos a\u00f1os, a partir de su habilitaci\u00f3n. Concluida la vigencia se considerar\u00e1 \u201cvencida y caduca para todo efecto legal, debiendo el titular proceder a su renovaci\u00f3n\u201d.<\/p>\n\n\n\n<p>Las condiciones de desarrollo t\u00e9cnico y medidas de seguridad espec\u00edficas, ser\u00e1n reglamentadas por el Segip.  <\/p>\n\n\n\n<p><\/p>\n","protected":false},"excerpt":{"rendered":"<p>El Servicio General de Identificaci\u00f3n Personal (Segip) habilit\u00f3 la extensi\u00f3n de la c\u00e9dula de identidad y de la licencia para conducir en formato digital en el pa\u00eds, de acuerdo con el Decreto Supremo 4861, aprobado en gabinete ministerial. Ambas tienen validez en todo el territorio nacional y su vigencia ser\u00e1 de dos a\u00f1os. La norma se\u00f1ala que el nuevo documento podr\u00e1 ser exhibido en \u201cforma alternativa\u201d a la c\u00e9dula de identidad en formato f\u00edsico. Su sola exhibici\u00f3n acredita la identificaci\u00f3n del titular, \u201csiendo v\u00e1lida en la jurisdicci\u00f3n territorial\u201d. La obtenci\u00f3n de la c\u00e9dula de identidad y de licencia para conducir<\/p>\n","protected":false},"author":2,"featured_media":32949,"comment_status":"closed","ping_status":"open","sticky":false,"template":"","format":"standard","meta":{"_seopress_robots_primary_cat":"none","_seopress_titles_title":"","_seopress_titles_desc":"","_seopress_robots_index":"","_jetpack_memberships_contains_paid_content":false,"footnotes":""},"categories":[103],"tags":[109,5885,1809,4221,1094,765],"class_list":["post-32946","post","type-post","status-publish","format-standard","has-post-thumbnail","hentry","category-nacional","tag-bolivia","tag-cedula-de-identidad","tag-digital","tag-licencia-de-conducir","tag-nacional","tag-segip"],"jetpack_featured_media_url":"https:\/\/elradar.info\/wp-content\/uploads\/2023\/01\/DSC_8169_1-scaled-1.jpg","jetpack_sharing_enabled":true,"amp_enabled":true,"_links":{"self":[{"href":"https:\/\/elradar.info\/index.php?rest_route=\/wp\/v2\/posts\/32946","targetHints":{"allow":["GET"]}}],"collection":[{"href":"https:\/\/elradar.info\/index.php?rest_route=\/wp\/v2\/posts"}],"about":[{"href":"https:\/\/elradar.info\/index.php?rest_route=\/wp\/v2\/types\/post"}],"author":[{"embeddable":true,"href":"https:\/\/elradar.info\/index.php?rest_route=\/wp\/v2\/users\/2"}],"replies":[{"embeddable":true,"href":"https:\/\/elradar.info\/index.php?rest_route=%2Fwp%2Fv2%2Fcomments&post=32946"}],"version-history":[{"count":2,"href":"https:\/\/elradar.info\/index.php?rest_route=\/wp\/v2\/posts\/32946\/revisions"}],"predecessor-version":[{"id":32951,"href":"https:\/\/elradar.info\/index.php?rest_route=\/wp\/v2\/posts\/32946\/revisions\/32951"}],"wp:featuredmedia":[{"embeddable":true,"href":"https:\/\/elradar.info\/index.php?rest_route=\/wp\/v2\/media\/32949"}],"wp:attachment":[{"href":"https:\/\/elradar.info\/index.php?rest_route=%2Fwp%2Fv2%2Fmedia&parent=32946"}],"wp:term":[{"taxonomy":"category","embeddable":true,"href":"https:\/\/elradar.info\/index.php?rest_route=%2Fwp%2Fv2%2Fcategories&post=32946"},{"taxonomy":"post_tag","embeddable":true,"href":"https:\/\/elradar.info\/index.php?rest_route=%2Fwp%2Fv2%2Ftags&post=32946"}],"curies":[{"name":"wp","href":"https:\/\/api.w.org\/{rel}","templated":true}]}}