{"id":33086,"date":"2023-01-16T13:38:08","date_gmt":"2023-01-16T17:38:08","guid":{"rendered":"http:\/\/elradar.info\/?p=33086"},"modified":"2024-02-01T12:10:44","modified_gmt":"2024-02-01T16:10:44","slug":"inician-las-inscripciones-para-alumnos-nuevos","status":"publish","type":"post","link":"https:\/\/elradar.info\/?p=33086","title":{"rendered":"<strong>Inician las inscripciones para alumnos nuevos<\/strong>"},"content":{"rendered":"\n<p>Hoy comienzan las inscripciones para alumnos nuevos en las unidades educativas del pa\u00eds. El ministro de educaci\u00f3n, \u00c9dgar Pary, inform\u00f3 a los padres de familia que no es necesario hacer filas porque los escolares antiguos ser\u00e1n registrados autom\u00e1ticamente para esta nueva gesti\u00f3n.<\/p>\n\n\n\n<p>\u201c<em>Las preinscripciones deben primar en las unidades educativas principalmente de alta demanda. El d\u00eda de ma\u00f1ana (16 de enero) solo se inscribe a los estudiantes nuevos del nivel inicial, del primer curso del nivel primario y del primer curso del nivel secundario. Los dem\u00e1s estudiantes ya est\u00e1n inscritos de forma autom\u00e1tica<\/em>\u201d, puntualiz\u00f3 Pary.<\/p>\n\n\n\n<p>Los requisitos para la inscripci\u00f3n son: certificado de nacimiento original o c\u00e9dula de identidad del escolar, as\u00ed como los documentos de identidad del padre, madre o tutor. Sobre el certificado de vacunaci\u00f3n, el ministro aclar\u00f3:<\/p>\n\n\n\n<p>\u201c<em>El certificado de la vacuna del Covid-19 es importante, pero no es un requisito para la inscripci\u00f3n<\/em>\u201d, remarc\u00f3.<\/p>\n\n\n\n<p>El plazo para aquellos padres de familia que deseen cambiar de unidad educativa a sus hijos o actualizar sus registros, abarca hasta la primera semana de febrero, plazo que se ampl\u00eda a la segunda semana en el caso de unidades educativas del \u00e1rea rural.<\/p>\n","protected":false},"excerpt":{"rendered":"<p>Hoy comienzan las inscripciones para alumnos nuevos en las unidades educativas del pa\u00eds. El ministro de educaci\u00f3n, \u00c9dgar Pary, inform\u00f3 a los padres de familia que no es necesario hacer filas porque los escolares antiguos ser\u00e1n registrados autom\u00e1ticamente para esta nueva gesti\u00f3n. \u201cLas preinscripciones deben primar en las unidades educativas principalmente de alta demanda. El d\u00eda de ma\u00f1ana (16 de enero) solo se inscribe a los estudiantes nuevos del nivel inicial, del primer curso del nivel primario y del primer curso del nivel secundario. Los dem\u00e1s estudiantes ya est\u00e1n inscritos de forma autom\u00e1tica\u201d, puntualiz\u00f3 Pary. Los requisitos para la inscripci\u00f3n<\/p>\n","protected":false},"author":2,"featured_media":33089,"comment_status":"closed","ping_status":"open","sticky":false,"template":"","format":"standard","meta":{"_seopress_robots_primary_cat":"none","_seopress_titles_title":"","_seopress_titles_desc":"","_seopress_robots_index":"","_jetpack_memberships_contains_paid_content":false,"footnotes":""},"categories":[103],"tags":[109,3016,5906,5905,531,1094],"class_list":["post-33086","post","type-post","status-publish","format-standard","has-post-thumbnail","hentry","category-nacional","tag-bolivia","tag-edgar-pary","tag-escolares","tag-inscripciones","tag-ministerio-de-educacion","tag-nacional"],"jetpack_featured_media_url":"https:\/\/elradar.info\/wp-content\/uploads\/2023\/01\/WhatsApp-Image-2023-01-15-at-13.20.14.jpeg","jetpack_sharing_enabled":true,"amp_enabled":true,"_links":{"self":[{"href":"https:\/\/elradar.info\/index.php?rest_route=\/wp\/v2\/posts\/33086","targetHints":{"allow":["GET"]}}],"collection":[{"href":"https:\/\/elradar.info\/index.php?rest_route=\/wp\/v2\/posts"}],"about":[{"href":"https:\/\/elradar.info\/index.php?rest_route=\/wp\/v2\/types\/post"}],"author":[{"embeddable":true,"href":"https:\/\/elradar.info\/index.php?rest_route=\/wp\/v2\/users\/2"}],"replies":[{"embeddable":true,"href":"https:\/\/elradar.info\/index.php?rest_route=%2Fwp%2Fv2%2Fcomments&post=33086"}],"version-history":[{"count":1,"href":"https:\/\/elradar.info\/index.php?rest_route=\/wp\/v2\/posts\/33086\/revisions"}],"predecessor-version":[{"id":33090,"href":"https:\/\/elradar.info\/index.php?rest_route=\/wp\/v2\/posts\/33086\/revisions\/33090"}],"wp:featuredmedia":[{"embeddable":true,"href":"https:\/\/elradar.info\/index.php?rest_route=\/wp\/v2\/media\/33089"}],"wp:attachment":[{"href":"https:\/\/elradar.info\/index.php?rest_route=%2Fwp%2Fv2%2Fmedia&parent=33086"}],"wp:term":[{"taxonomy":"category","embeddable":true,"href":"https:\/\/elradar.info\/index.php?rest_route=%2Fwp%2Fv2%2Fcategories&post=33086"},{"taxonomy":"post_tag","embeddable":true,"href":"https:\/\/elradar.info\/index.php?rest_route=%2Fwp%2Fv2%2Ftags&post=33086"}],"curies":[{"name":"wp","href":"https:\/\/api.w.org\/{rel}","templated":true}]}}