{"id":33135,"date":"2023-01-17T14:05:06","date_gmt":"2023-01-17T18:05:06","guid":{"rendered":"http:\/\/elradar.info\/?p=33135"},"modified":"2024-02-01T12:10:43","modified_gmt":"2024-02-01T16:10:43","slug":"periodistas-denuncian-que-se-sienten-discriminados-por-la-anp-y-la-apl","status":"publish","type":"post","link":"https:\/\/elradar.info\/?p=33135","title":{"rendered":"Periodistas denuncian que se sienten discriminados por la ANP y la APL"},"content":{"rendered":"\n<p>Periodistas de medios estatales protagonizaron el d\u00eda de ayer protestas por los hechos de violencia de los que fueron v\u00edctimas en el marco de los conflictos en Santa Cruz. En medio de las mismas cuestionaron tambi\u00e9n la discriminaci\u00f3n que sufren por parte de la Asociaci\u00f3n Nacional de Periodistas y la Asociaci\u00f3n de Periodistas de La Paz, pues ninguna de estas asociaciones se manifest\u00f3 en contra de los abusos, agresiones f\u00edsicas y verbales de parte de los c\u00edvicos cruce\u00f1os y sus grupos afines.<\/p>\n\n\n\n<p>Los periodistas tambi\u00e9n cuestionaron que ambas asociaciones reaccionen inmediatamente cuando se trata de agresiones a medios empresariales y de oposici\u00f3n como El Deber, Unitel, P\u00e1gina Siete o Los Tiempos y no se pronuncien cuando se agrede a periodistas y medios del Estado, como el caso de Bolivia Tv en Santa Cruz, que hace m\u00e1s de dos semanas tuvo que suspender emisiones noticiosas locales, por amenazas de afines a Camacho.<\/p>\n\n\n\n<p>Cuando se cerr\u00f3 Bolivia Tv en Santa Cruz, la \u00fanica publicaci\u00f3n en la p\u00e1gina se la asociaci\u00f3n fue: \u201cLos estudios de la regional del canal estatal Bolivia Tv, en la ciudad de Santa Cruz de la Sierra, suspendieron emisiones hace 15 d\u00edas por el hostigamiento a su personal, denunciaron la viceministra de Comunicaci\u00f3n Gabriela Alc\u00f3n y el gerente del medio, Fernando Valdivia\u201d.<\/p>\n\n\n\n<p>Seg\u00fan algunas versiones, esto se debe a la inclinaci\u00f3n pol\u00edtica de los dirigentes de ambas asociaciones, uno de los cuales, Ra\u00fal Pe\u00f1aranda, fue becario de la Fundaci\u00f3n Nacional para la Democracia de EEUU, fundada en 1983 por el ex presidente Ronald Reagan para promover el capitalismo.<\/p>\n\n\n\n<p>En 2019 pas\u00f3 algo similar, pues no se dijo nada sobre las agresiones a periodistas y medios estatales, as\u00ed como sobre la muerte del periodista Sebasti\u00e1n Moro. \u201cCuando se trata de agresiones a periodistas de medios estatales como radio Patria Nueva, Radios de los Pueblos Originarios y otros medios alternativos le restan importancia, relevancia o lo ignoran porque no aparece en ning\u00fan comunicado o denuncia\u201d, reclamaron los periodistas.<\/p>\n\n\n\n<p><\/p>\n","protected":false},"excerpt":{"rendered":"<p>Periodistas de medios estatales protagonizaron el d\u00eda de ayer protestas por los hechos de violencia de los que fueron v\u00edctimas en el marco de los conflictos en Santa Cruz. En medio de las mismas cuestionaron tambi\u00e9n la discriminaci\u00f3n que sufren por parte de la Asociaci\u00f3n Nacional de Periodistas y la Asociaci\u00f3n de Periodistas de La Paz, pues ninguna de estas asociaciones se manifest\u00f3 en contra de los abusos, agresiones f\u00edsicas y verbales de parte de los c\u00edvicos cruce\u00f1os y sus grupos afines. Los periodistas tambi\u00e9n cuestionaron que ambas asociaciones reaccionen inmediatamente cuando se trata de agresiones a medios empresariales y<\/p>\n","protected":false},"author":2,"featured_media":33138,"comment_status":"closed","ping_status":"open","sticky":false,"template":"","format":"standard","meta":{"_seopress_robots_primary_cat":"none","_seopress_titles_title":"","_seopress_titles_desc":"","_seopress_robots_index":"","_jetpack_memberships_contains_paid_content":false,"footnotes":""},"categories":[103],"tags":[5914,5916,109,1985,858,1094],"class_list":["post-33135","post","type-post","status-publish","format-standard","has-post-thumbnail","hentry","category-nacional","tag-anp","tag-apl","tag-bolivia","tag-denuncias","tag-discriminacion","tag-nacional"],"jetpack_featured_media_url":"https:\/\/elradar.info\/wp-content\/uploads\/2023\/01\/periodismo-APG2.jpg","jetpack_sharing_enabled":true,"amp_enabled":true,"_links":{"self":[{"href":"https:\/\/elradar.info\/index.php?rest_route=\/wp\/v2\/posts\/33135","targetHints":{"allow":["GET"]}}],"collection":[{"href":"https:\/\/elradar.info\/index.php?rest_route=\/wp\/v2\/posts"}],"about":[{"href":"https:\/\/elradar.info\/index.php?rest_route=\/wp\/v2\/types\/post"}],"author":[{"embeddable":true,"href":"https:\/\/elradar.info\/index.php?rest_route=\/wp\/v2\/users\/2"}],"replies":[{"embeddable":true,"href":"https:\/\/elradar.info\/index.php?rest_route=%2Fwp%2Fv2%2Fcomments&post=33135"}],"version-history":[{"count":1,"href":"https:\/\/elradar.info\/index.php?rest_route=\/wp\/v2\/posts\/33135\/revisions"}],"predecessor-version":[{"id":33139,"href":"https:\/\/elradar.info\/index.php?rest_route=\/wp\/v2\/posts\/33135\/revisions\/33139"}],"wp:featuredmedia":[{"embeddable":true,"href":"https:\/\/elradar.info\/index.php?rest_route=\/wp\/v2\/media\/33138"}],"wp:attachment":[{"href":"https:\/\/elradar.info\/index.php?rest_route=%2Fwp%2Fv2%2Fmedia&parent=33135"}],"wp:term":[{"taxonomy":"category","embeddable":true,"href":"https:\/\/elradar.info\/index.php?rest_route=%2Fwp%2Fv2%2Fcategories&post=33135"},{"taxonomy":"post_tag","embeddable":true,"href":"https:\/\/elradar.info\/index.php?rest_route=%2Fwp%2Fv2%2Ftags&post=33135"}],"curies":[{"name":"wp","href":"https:\/\/api.w.org\/{rel}","templated":true}]}}