{"id":33140,"date":"2023-01-17T14:23:41","date_gmt":"2023-01-17T18:23:41","guid":{"rendered":"http:\/\/elradar.info\/?p=33140"},"modified":"2024-02-01T12:10:43","modified_gmt":"2024-02-01T16:10:43","slug":"se-instala-el-juicio-oral-en-contra-de-los-cabecillas-de-la-resistencia-juvenil-cochala-rjc","status":"publish","type":"post","link":"https:\/\/elradar.info\/?p=33140","title":{"rendered":"Se instala el juicio oral en contra de los cabecillas de la Resistencia Juvenil Cochala (RJC)"},"content":{"rendered":"\n<p>Despu\u00e9s que la audiencia de juicio oral contra miembros de la Resistencia Juvenil Cochala (RJC) fue suspendida ayer, el Tribunal Departamental de Justicia de Chuquisaca, reprogram\u00f3 el acto jur\u00eddico para las 9.30 horas de hoy. Los j\u00f3venes son acusados por presuntos destrozos a la Fiscal\u00eda General del Estado, en 2020.<\/p>\n\n\n\n<p>Los cuatro acusados deben ir a juicio por los delitos de organizaci\u00f3n criminal con fabricaci\u00f3n il\u00edcita, uso de armas no convencionales, atentados contra bienes p\u00fablicos, impedir y estorbar el ejercicio de funciones, destrucci\u00f3n y deterioro de bienes del Estado y la riqueza nacional, privaci\u00f3n de libertad y da\u00f1o calificado.<\/p>\n\n\n\n<p>En marzo de 2021, Yassir Molina fue el primer aprehendido por este caso en Cochabamba y luego trasladado a la ciudad de Sucre, desde entonces guarda detenci\u00f3n preventiva. El 7 de noviembre de 2022, Molina, a trav\u00e9s de su abogado, Jhasmani Torrico, present\u00f3 un pedido a la Fiscal\u00eda, en la que solicit\u00f3 someterse a juicio abreviado a cambio de revelar los nombres de los supuestos autores intelectuales de los hechos de 2019 y 2020.<\/p>\n\n\n\n<p>El 8 de noviembre, la justicia hizo conocer su rechazo a ese pedido y desde entonces se aguardaba el inicio del juicio oral que se iniciar\u00e1 hoy.<\/p>\n\n\n\n<p>El Ministerio P\u00fablico comunic\u00f3 que pedir\u00e1n 20 a\u00f1os de presidio para los cuatro responsables de los destrozos y presentaron la acusaci\u00f3n formal con esa perspectiva.<\/p>\n\n\n\n<p><\/p>\n","protected":false},"excerpt":{"rendered":"<p>Despu\u00e9s que la audiencia de juicio oral contra miembros de la Resistencia Juvenil Cochala (RJC) fue suspendida ayer, el Tribunal Departamental de Justicia de Chuquisaca, reprogram\u00f3 el acto jur\u00eddico para las 9.30 horas de hoy. Los j\u00f3venes son acusados por presuntos destrozos a la Fiscal\u00eda General del Estado, en 2020. Los cuatro acusados deben ir a juicio por los delitos de organizaci\u00f3n criminal con fabricaci\u00f3n il\u00edcita, uso de armas no convencionales, atentados contra bienes p\u00fablicos, impedir y estorbar el ejercicio de funciones, destrucci\u00f3n y deterioro de bienes del Estado y la riqueza nacional, privaci\u00f3n de libertad y da\u00f1o calificado. En<\/p>\n","protected":false},"author":2,"featured_media":33143,"comment_status":"closed","ping_status":"open","sticky":false,"template":"","format":"standard","meta":{"_seopress_robots_primary_cat":"none","_seopress_titles_title":"","_seopress_titles_desc":"","_seopress_robots_index":"","_jetpack_memberships_contains_paid_content":false,"footnotes":""},"categories":[103],"tags":[1661,109,313,1094,269],"class_list":["post-33140","post","type-post","status-publish","format-standard","has-post-thumbnail","hentry","category-nacional","tag-audiencia","tag-bolivia","tag-cochabamba","tag-nacional","tag-resistencia-juvenil-cochala"],"jetpack_featured_media_url":"https:\/\/elradar.info\/wp-content\/uploads\/2023\/01\/resistencia-1280x720-1.jpg","jetpack_sharing_enabled":true,"amp_enabled":true,"_links":{"self":[{"href":"https:\/\/elradar.info\/index.php?rest_route=\/wp\/v2\/posts\/33140","targetHints":{"allow":["GET"]}}],"collection":[{"href":"https:\/\/elradar.info\/index.php?rest_route=\/wp\/v2\/posts"}],"about":[{"href":"https:\/\/elradar.info\/index.php?rest_route=\/wp\/v2\/types\/post"}],"author":[{"embeddable":true,"href":"https:\/\/elradar.info\/index.php?rest_route=\/wp\/v2\/users\/2"}],"replies":[{"embeddable":true,"href":"https:\/\/elradar.info\/index.php?rest_route=%2Fwp%2Fv2%2Fcomments&post=33140"}],"version-history":[{"count":1,"href":"https:\/\/elradar.info\/index.php?rest_route=\/wp\/v2\/posts\/33140\/revisions"}],"predecessor-version":[{"id":33144,"href":"https:\/\/elradar.info\/index.php?rest_route=\/wp\/v2\/posts\/33140\/revisions\/33144"}],"wp:featuredmedia":[{"embeddable":true,"href":"https:\/\/elradar.info\/index.php?rest_route=\/wp\/v2\/media\/33143"}],"wp:attachment":[{"href":"https:\/\/elradar.info\/index.php?rest_route=%2Fwp%2Fv2%2Fmedia&parent=33140"}],"wp:term":[{"taxonomy":"category","embeddable":true,"href":"https:\/\/elradar.info\/index.php?rest_route=%2Fwp%2Fv2%2Fcategories&post=33140"},{"taxonomy":"post_tag","embeddable":true,"href":"https:\/\/elradar.info\/index.php?rest_route=%2Fwp%2Fv2%2Ftags&post=33140"}],"curies":[{"name":"wp","href":"https:\/\/api.w.org\/{rel}","templated":true}]}}