{"id":33166,"date":"2023-01-17T20:34:18","date_gmt":"2023-01-18T00:34:18","guid":{"rendered":"http:\/\/elradar.info\/?p=33166"},"modified":"2024-02-01T12:10:43","modified_gmt":"2024-02-01T16:10:43","slug":"festejo-por-el-dia-del-estado-plurinacional-sera-en-casa-grande-con-mensaje-presidencial-desfile-y-verbena","status":"publish","type":"post","link":"https:\/\/elradar.info\/?p=33166","title":{"rendered":"Festejo por el D\u00eda del Estado Plurinacional ser\u00e1 en Casa Grande con mensaje presidencial, desfile y verbena"},"content":{"rendered":"\n<p>La viceministra de comunicaci\u00f3n Gabriela Alc\u00f3n inform\u00f3 que el 22 de enero se realizar\u00e1 el festejo de los 14 a\u00f1os del Estado Plurinacional con una ofrenda a la Pachamama a tempranas horas de la ma\u00f1ana, posteriormente un mensaje del presidente en Casa Grande, desfile de organizaciones sociales encabezadas por la Central Obrera Boliviana (COB) y el festejo concluir\u00e1 con una verbena que se realizar\u00e1 en la plaza Mayor de San Francisco.<\/p>\n\n\n\n<p>La autoridad inform\u00f3 que el mensaje del presidente Luis Arce estar\u00e1 centrado en la unidad, estabilidad econ\u00f3mica y los proyectos para el bicentenario y que lo acompa\u00f1ar\u00e1n los diferentes sectores de la Central Obrera Boliviana (COB) y del Pacto de Unidad, base social del Gobierno.<\/p>\n\n\n\n<p>\u201cEl mensaje tiene que ver con el Estado Plurinacional, con la unidad, con nuestra visi\u00f3n del pa\u00eds, estamos ya con miras a nuestro bicentenario\u201d, explic\u00f3 y complement\u00f3 que tambi\u00e9n tocar\u00e1 el tema de la estabilidad econ\u00f3mica y los desaf\u00edos que restan.<\/p>\n\n\n\n<p>El D\u00eda del Estado Plurinacional fue instituido en enero de 2010, mediante el decreto 405.<\/p>\n\n\n\n<p>La nueva Constituci\u00f3n Pol\u00edtica del Estado est\u00e1 vigente desde 2019 y dio nacimiento al Estado Plurinacional. El pacto social, ratificado en un refer\u00e9ndum, reconoce a las 36 nacionalidades que habitan el territorio boliviano y sent\u00f3 las bases de un nuevo Estado.<\/p>\n\n\n\n<p><\/p>\n","protected":false},"excerpt":{"rendered":"<p>La viceministra de comunicaci\u00f3n Gabriela Alc\u00f3n inform\u00f3 que el 22 de enero se realizar\u00e1 el festejo de los 14 a\u00f1os del Estado Plurinacional con una ofrenda a la Pachamama a tempranas horas de la ma\u00f1ana, posteriormente un mensaje del presidente en Casa Grande, desfile de organizaciones sociales encabezadas por la Central Obrera Boliviana (COB) y el festejo concluir\u00e1 con una verbena que se realizar\u00e1 en la plaza Mayor de San Francisco. La autoridad inform\u00f3 que el mensaje del presidente Luis Arce estar\u00e1 centrado en la unidad, estabilidad econ\u00f3mica y los proyectos para el bicentenario y que lo acompa\u00f1ar\u00e1n los diferentes<\/p>\n","protected":false},"author":2,"featured_media":33169,"comment_status":"closed","ping_status":"open","sticky":false,"template":"","format":"standard","meta":{"_seopress_robots_primary_cat":"none","_seopress_titles_title":"","_seopress_titles_desc":"","_seopress_robots_index":"","_jetpack_memberships_contains_paid_content":false,"footnotes":""},"categories":[103],"tags":[109,5921,1094],"class_list":["post-33166","post","type-post","status-publish","format-standard","has-post-thumbnail","hentry","category-nacional","tag-bolivia","tag-dia-del-estado-plurinacional","tag-nacional"],"jetpack_featured_media_url":"https:\/\/elradar.info\/wp-content\/uploads\/2023\/01\/b_23682_evo-festejara-el-dia-del-estado-plurinacional-en-argentina-porque-no-fue-invitado-por-el-gobierno-de-arce-1.jpg","jetpack_sharing_enabled":true,"amp_enabled":true,"_links":{"self":[{"href":"https:\/\/elradar.info\/index.php?rest_route=\/wp\/v2\/posts\/33166","targetHints":{"allow":["GET"]}}],"collection":[{"href":"https:\/\/elradar.info\/index.php?rest_route=\/wp\/v2\/posts"}],"about":[{"href":"https:\/\/elradar.info\/index.php?rest_route=\/wp\/v2\/types\/post"}],"author":[{"embeddable":true,"href":"https:\/\/elradar.info\/index.php?rest_route=\/wp\/v2\/users\/2"}],"replies":[{"embeddable":true,"href":"https:\/\/elradar.info\/index.php?rest_route=%2Fwp%2Fv2%2Fcomments&post=33166"}],"version-history":[{"count":1,"href":"https:\/\/elradar.info\/index.php?rest_route=\/wp\/v2\/posts\/33166\/revisions"}],"predecessor-version":[{"id":33170,"href":"https:\/\/elradar.info\/index.php?rest_route=\/wp\/v2\/posts\/33166\/revisions\/33170"}],"wp:featuredmedia":[{"embeddable":true,"href":"https:\/\/elradar.info\/index.php?rest_route=\/wp\/v2\/media\/33169"}],"wp:attachment":[{"href":"https:\/\/elradar.info\/index.php?rest_route=%2Fwp%2Fv2%2Fmedia&parent=33166"}],"wp:term":[{"taxonomy":"category","embeddable":true,"href":"https:\/\/elradar.info\/index.php?rest_route=%2Fwp%2Fv2%2Fcategories&post=33166"},{"taxonomy":"post_tag","embeddable":true,"href":"https:\/\/elradar.info\/index.php?rest_route=%2Fwp%2Fv2%2Ftags&post=33166"}],"curies":[{"name":"wp","href":"https:\/\/api.w.org\/{rel}","templated":true}]}}