{"id":33450,"date":"2023-01-27T22:18:12","date_gmt":"2023-01-28T02:18:12","guid":{"rendered":"http:\/\/elradar.info\/?p=33450"},"modified":"2024-02-01T12:10:39","modified_gmt":"2024-02-01T16:10:39","slug":"la-cnddhh-presento-su-informe-sobre-la-violacion-de-derechos-humanos-en-peru","status":"publish","type":"post","link":"https:\/\/elradar.info\/?p=33450","title":{"rendered":"<strong>La CNDDHH present\u00f3 su informe sobre la violaci\u00f3n de derechos humanos en Per\u00fa<\/strong>"},"content":{"rendered":"\n<p>La Coordinadora Nacional de Derechos Humanos (CNDDHH) present\u00f3 un informe sobre las vulneraciones en el marco de la violenta represi\u00f3n de las protestas contra el gobierno de Dina Boluarte en Per\u00fa.<\/p>\n\n\n\n<p>Seg\u00fan declaraciones de la secretaria ejecutiva de la CNDDHH, Jennie Dador, los niveles de represi\u00f3n registrados no se hab\u00edan vivido nunca antes en la historia democr\u00e1tica del Per\u00fa.<\/p>\n\n\n\n<p>En el informe presentado puede leerse: <em>\u201cLa respuesta del Estado peruano frente a las movilizaciones ha sido de una brutalidad sin precedentes en la historia de la democracia en el pa\u00eds, en el presente siglo. Masacres perpetradas en tres ciudades, junto con ejecuciones extrajudiciales m\u00e1s acotadas en otros lugares\u201d,<\/em> dice el documento.<\/p>\n\n\n\n<p>Seg\u00fan el mismo, el uso de la fuerza hacia los movilizados dej\u00f3 un saldo de \u201c46 ejecuciones extrajudiciales\u201d y 912 civiles heridos. Esto producto del uso de armas de fuego y un uso no autorizado de otros recursos reglamentarios como los gases lacrim\u00f3genos:<\/p>\n\n\n\n<p><em>\u201cEl uso de munici\u00f3n prohibida para el control de multitudes, como perdigones de metal inclusive calibre 00, canicas de vidrio y balas. Especial preocupaci\u00f3n genera el uso de fusiles autom\u00e1ticos, incluyendo fusiles AKM en el caso de la PNP (Polic\u00eda Nacional del Per\u00fa) y fusiles Galil en el caso del ej\u00e9rcito\u201d,<\/em> refiere el mismo.<\/p>\n","protected":false},"excerpt":{"rendered":"<p>La Coordinadora Nacional de Derechos Humanos (CNDDHH) present\u00f3 un informe sobre las vulneraciones en el marco de la violenta represi\u00f3n de las protestas contra el gobierno de Dina Boluarte en Per\u00fa. Seg\u00fan declaraciones de la secretaria ejecutiva de la CNDDHH, Jennie Dador, los niveles de represi\u00f3n registrados no se hab\u00edan vivido nunca antes en la historia democr\u00e1tica del Per\u00fa. En el informe presentado puede leerse: \u201cLa respuesta del Estado peruano frente a las movilizaciones ha sido de una brutalidad sin precedentes en la historia de la democracia en el pa\u00eds, en el presente siglo. Masacres perpetradas en tres ciudades, junto<\/p>\n","protected":false},"author":2,"featured_media":33455,"comment_status":"closed","ping_status":"open","sticky":false,"template":"","format":"standard","meta":{"_seopress_robots_primary_cat":"none","_seopress_titles_title":"","_seopress_titles_desc":"","_seopress_robots_index":"","_jetpack_memberships_contains_paid_content":false,"footnotes":""},"categories":[107],"tags":[109,5969,1255,5847,430,5970,176,118],"class_list":["post-33450","post","type-post","status-publish","format-standard","has-post-thumbnail","hentry","category-internacional","tag-bolivia","tag-coordinadora-nacional","tag-derechos-humanos","tag-dina-boluarte","tag-informe","tag-jennie-dador","tag-peru","tag-violacion"],"jetpack_featured_media_url":"https:\/\/elradar.info\/wp-content\/uploads\/2023\/01\/san-marcos-1.jpg","jetpack_sharing_enabled":true,"amp_enabled":true,"_links":{"self":[{"href":"https:\/\/elradar.info\/index.php?rest_route=\/wp\/v2\/posts\/33450","targetHints":{"allow":["GET"]}}],"collection":[{"href":"https:\/\/elradar.info\/index.php?rest_route=\/wp\/v2\/posts"}],"about":[{"href":"https:\/\/elradar.info\/index.php?rest_route=\/wp\/v2\/types\/post"}],"author":[{"embeddable":true,"href":"https:\/\/elradar.info\/index.php?rest_route=\/wp\/v2\/users\/2"}],"replies":[{"embeddable":true,"href":"https:\/\/elradar.info\/index.php?rest_route=%2Fwp%2Fv2%2Fcomments&post=33450"}],"version-history":[{"count":1,"href":"https:\/\/elradar.info\/index.php?rest_route=\/wp\/v2\/posts\/33450\/revisions"}],"predecessor-version":[{"id":33456,"href":"https:\/\/elradar.info\/index.php?rest_route=\/wp\/v2\/posts\/33450\/revisions\/33456"}],"wp:featuredmedia":[{"embeddable":true,"href":"https:\/\/elradar.info\/index.php?rest_route=\/wp\/v2\/media\/33455"}],"wp:attachment":[{"href":"https:\/\/elradar.info\/index.php?rest_route=%2Fwp%2Fv2%2Fmedia&parent=33450"}],"wp:term":[{"taxonomy":"category","embeddable":true,"href":"https:\/\/elradar.info\/index.php?rest_route=%2Fwp%2Fv2%2Fcategories&post=33450"},{"taxonomy":"post_tag","embeddable":true,"href":"https:\/\/elradar.info\/index.php?rest_route=%2Fwp%2Fv2%2Ftags&post=33450"}],"curies":[{"name":"wp","href":"https:\/\/api.w.org\/{rel}","templated":true}]}}