{"id":33574,"date":"2023-02-02T15:43:57","date_gmt":"2023-02-02T19:43:57","guid":{"rendered":"http:\/\/elradar.info\/?p=33574"},"modified":"2024-02-01T12:10:37","modified_gmt":"2024-02-01T16:10:37","slug":"la-senadora-virginia-velasco-rechaza-ataques-al-gobierno-de-luis-arce","status":"publish","type":"post","link":"https:\/\/elradar.info\/?p=33574","title":{"rendered":"<strong>La senadora Virginia Velasco rechaza ataques al gobierno de Luis Arce<\/strong>"},"content":{"rendered":"\n<p>La senadora Virginia Velasco, en una entrevista en el programa Micr\u00f3fono Abierto de Radio Panamericana se manifest\u00f3 acerca del audio recientemente filtrado, en el cual Evo Morales habla de las intenciones de <em>\u201crevocar\u201d<\/em> el mandato de Luis Arce Catacora. Seg\u00fan Velasco no es correcto pensar en el revocatorio porque el gobierno de Arce fue leg\u00edtimamente elegido en las urnas:<\/p>\n\n\n\n<p><em>\u201cNo me parece correcto que quieran desestabilizar a nuestro presidente Lucho Arce, porque nuestro presidente ha ganado con m\u00e1s del 55% del voto del pueblo, eso hay que respetar\u201d<\/em>, expres\u00f3 Velasco.<\/p>\n\n\n\n<p>Tambi\u00e9n cuestion\u00f3 que algunos diputados se den a la tarea de obstaculizar el trabajo del primer mandatario sin considerar el voto de los ciudadanos.<\/p>\n\n\n\n<p><em>\u201cHay algunos diputados que atacan a nuestro presidente y no lo apoyan. El voto es soberano hay que respetarlo y, en ese marco, todos debemos acatar y no estar ah\u00ed con apetitos personales\u201d<\/em>, concluy\u00f3.<\/p>\n","protected":false},"excerpt":{"rendered":"<p>La senadora Virginia Velasco, en una entrevista en el programa Micr\u00f3fono Abierto de Radio Panamericana se manifest\u00f3 acerca del audio recientemente filtrado, en el cual Evo Morales habla de las intenciones de \u201crevocar\u201d el mandato de Luis Arce Catacora. Seg\u00fan Velasco no es correcto pensar en el revocatorio porque el gobierno de Arce fue leg\u00edtimamente elegido en las urnas: \u201cNo me parece correcto que quieran desestabilizar a nuestro presidente Lucho Arce, porque nuestro presidente ha ganado con m\u00e1s del 55% del voto del pueblo, eso hay que respetar\u201d, expres\u00f3 Velasco. Tambi\u00e9n cuestion\u00f3 que algunos diputados se den a la tarea<\/p>\n","protected":false},"author":2,"featured_media":33583,"comment_status":"closed","ping_status":"open","sticky":false,"template":"","format":"standard","meta":{"_seopress_robots_primary_cat":"none","_seopress_titles_title":"","_seopress_titles_desc":"","_seopress_robots_index":"","_jetpack_memberships_contains_paid_content":false,"footnotes":""},"categories":[103],"tags":[109],"class_list":["post-33574","post","type-post","status-publish","format-standard","has-post-thumbnail","hentry","category-nacional","tag-bolivia"],"jetpack_featured_media_url":"https:\/\/elradar.info\/wp-content\/uploads\/2023\/02\/WhatsApp-Image-2023-02-02-at-3.52.25-PM-2.jpeg","jetpack_sharing_enabled":true,"amp_enabled":true,"_links":{"self":[{"href":"https:\/\/elradar.info\/index.php?rest_route=\/wp\/v2\/posts\/33574","targetHints":{"allow":["GET"]}}],"collection":[{"href":"https:\/\/elradar.info\/index.php?rest_route=\/wp\/v2\/posts"}],"about":[{"href":"https:\/\/elradar.info\/index.php?rest_route=\/wp\/v2\/types\/post"}],"author":[{"embeddable":true,"href":"https:\/\/elradar.info\/index.php?rest_route=\/wp\/v2\/users\/2"}],"replies":[{"embeddable":true,"href":"https:\/\/elradar.info\/index.php?rest_route=%2Fwp%2Fv2%2Fcomments&post=33574"}],"version-history":[{"count":1,"href":"https:\/\/elradar.info\/index.php?rest_route=\/wp\/v2\/posts\/33574\/revisions"}],"predecessor-version":[{"id":33579,"href":"https:\/\/elradar.info\/index.php?rest_route=\/wp\/v2\/posts\/33574\/revisions\/33579"}],"wp:featuredmedia":[{"embeddable":true,"href":"https:\/\/elradar.info\/index.php?rest_route=\/wp\/v2\/media\/33583"}],"wp:attachment":[{"href":"https:\/\/elradar.info\/index.php?rest_route=%2Fwp%2Fv2%2Fmedia&parent=33574"}],"wp:term":[{"taxonomy":"category","embeddable":true,"href":"https:\/\/elradar.info\/index.php?rest_route=%2Fwp%2Fv2%2Fcategories&post=33574"},{"taxonomy":"post_tag","embeddable":true,"href":"https:\/\/elradar.info\/index.php?rest_route=%2Fwp%2Fv2%2Ftags&post=33574"}],"curies":[{"name":"wp","href":"https:\/\/api.w.org\/{rel}","templated":true}]}}