{"id":33587,"date":"2023-02-02T17:55:03","date_gmt":"2023-02-02T21:55:03","guid":{"rendered":"http:\/\/elradar.info\/?p=33587"},"modified":"2024-02-01T12:10:37","modified_gmt":"2024-02-01T16:10:37","slug":"deysi-choque-inicio-un-proceso-de-impugnacion-al-estatuto-del-mas","status":"publish","type":"post","link":"https:\/\/elradar.info\/?p=33587","title":{"rendered":"<strong>Deysi Choque inici\u00f3 un proceso de impugnaci\u00f3n al Estatuto del MAS<\/strong>"},"content":{"rendered":"\n<p>La diputada por el MAS-IPSP, Deysi Choque, en una entrevista realizada por el programa radial Antes del Medio D\u00eda, transmitido por radio Fides, inform\u00f3 que present\u00f3 una Acci\u00f3n de Inconstitucionalidad Abstracta ante el Tribunal Constitucional Plurinacional, a trav\u00e9s de la cual pretende impugnar siete art\u00edculos del estatuto del partido al que pertenece. Seg\u00fan la diputada, en la normativa del MAS solo se reconoce el liderazgo y la autoridad de Evo Morales, sin considerar otras alternativas, lo cual es inconstitucional.<\/p>\n\n\n\n<p>En su an\u00e1lisis, las disposiciones que forman parte del estatuto interno del MAS-IPSP entran en contradicci\u00f3n con lo establecido por la Constituci\u00f3n Pol\u00edtica del Estado, la misma que en su art\u00edculo 26 establece que <em>\u201ctodos los ciudadanos tienen derecho a participar libremente en la formaci\u00f3n, ejercicio y control del poder pol\u00edtico, directamente o por medio de sus representantes, en una organizaci\u00f3n pol\u00edtica\u201d<\/em>.<\/p>\n\n\n\n<p>Estas declaraciones se refieren, sobre todo, a la intenci\u00f3n de un sector del MAS que pretende declarar a Evo Morales como presidente vitalicio de ese instrumento pol\u00edtico, hecho por el cual, Choque solicit\u00f3 al TCP revisar esa disposici\u00f3n para dejarla sin efecto, pues <em>\u201cla militancia no tiene otro camino que reconocer a Evo Morales como su l\u00edder absoluto e indiscutible\u201d<\/em>, reclam\u00f3.<\/p>\n","protected":false},"excerpt":{"rendered":"<p>La diputada por el MAS-IPSP, Deysi Choque, en una entrevista realizada por el programa radial Antes del Medio D\u00eda, transmitido por radio Fides, inform\u00f3 que present\u00f3 una Acci\u00f3n de Inconstitucionalidad Abstracta ante el Tribunal Constitucional Plurinacional, a trav\u00e9s de la cual pretende impugnar siete art\u00edculos del estatuto del partido al que pertenece. Seg\u00fan la diputada, en la normativa del MAS solo se reconoce el liderazgo y la autoridad de Evo Morales, sin considerar otras alternativas, lo cual es inconstitucional. En su an\u00e1lisis, las disposiciones que forman parte del estatuto interno del MAS-IPSP entran en contradicci\u00f3n con lo establecido por la<\/p>\n","protected":false},"author":2,"featured_media":33592,"comment_status":"closed","ping_status":"open","sticky":false,"template":"","format":"standard","meta":{"_seopress_robots_primary_cat":"none","_seopress_titles_title":"","_seopress_titles_desc":"","_seopress_robots_index":"","_jetpack_memberships_contains_paid_content":false,"footnotes":""},"categories":[103],"tags":[109,708,293,120,1094],"class_list":["post-33587","post","type-post","status-publish","format-standard","has-post-thumbnail","hentry","category-nacional","tag-bolivia","tag-gobierno-nacional","tag-la-paz","tag-luis-arce-catacora","tag-nacional"],"jetpack_featured_media_url":"https:\/\/elradar.info\/wp-content\/uploads\/2023\/02\/imagen-deisy-choque_21-3806213_20221111220002-1.jpg","jetpack_sharing_enabled":true,"amp_enabled":true,"_links":{"self":[{"href":"https:\/\/elradar.info\/index.php?rest_route=\/wp\/v2\/posts\/33587","targetHints":{"allow":["GET"]}}],"collection":[{"href":"https:\/\/elradar.info\/index.php?rest_route=\/wp\/v2\/posts"}],"about":[{"href":"https:\/\/elradar.info\/index.php?rest_route=\/wp\/v2\/types\/post"}],"author":[{"embeddable":true,"href":"https:\/\/elradar.info\/index.php?rest_route=\/wp\/v2\/users\/2"}],"replies":[{"embeddable":true,"href":"https:\/\/elradar.info\/index.php?rest_route=%2Fwp%2Fv2%2Fcomments&post=33587"}],"version-history":[{"count":1,"href":"https:\/\/elradar.info\/index.php?rest_route=\/wp\/v2\/posts\/33587\/revisions"}],"predecessor-version":[{"id":33591,"href":"https:\/\/elradar.info\/index.php?rest_route=\/wp\/v2\/posts\/33587\/revisions\/33591"}],"wp:featuredmedia":[{"embeddable":true,"href":"https:\/\/elradar.info\/index.php?rest_route=\/wp\/v2\/media\/33592"}],"wp:attachment":[{"href":"https:\/\/elradar.info\/index.php?rest_route=%2Fwp%2Fv2%2Fmedia&parent=33587"}],"wp:term":[{"taxonomy":"category","embeddable":true,"href":"https:\/\/elradar.info\/index.php?rest_route=%2Fwp%2Fv2%2Fcategories&post=33587"},{"taxonomy":"post_tag","embeddable":true,"href":"https:\/\/elradar.info\/index.php?rest_route=%2Fwp%2Fv2%2Ftags&post=33587"}],"curies":[{"name":"wp","href":"https:\/\/api.w.org\/{rel}","templated":true}]}}