{"id":33669,"date":"2023-02-08T11:49:24","date_gmt":"2023-02-08T15:49:24","guid":{"rendered":"http:\/\/elradar.info\/?p=33669"},"modified":"2024-02-01T12:10:36","modified_gmt":"2024-02-01T16:10:36","slug":"carolina-ribera-bajo-el-radar-de-la-justicia-por-legitimacion-de-ganancias-ilicitas","status":"publish","type":"post","link":"https:\/\/elradar.info\/?p=33669","title":{"rendered":"<strong>CAROLINA RIBERA BAJO EL RADAR DE LA JUSTICIA POR LEGITIMACI\u00d3N DE GANANCIAS IL\u00cdCITAS<\/strong>"},"content":{"rendered":"\n<p>El ministro de justicia, Iv\u00e1n Lima, inform\u00f3 a los medios de comunicaci\u00f3n que la Fiscal\u00eda General del Estado se encuentra investigando los movimientos financieros de Carolina Ribera, hija de Jeanine A\u00f1ez, por el presunto delito de legitimaci\u00f3n de ganancias il\u00edcitas. Ante esta informaci\u00f3n, Ribera denunci\u00f3 persecuci\u00f3n pol\u00edtica, denuncia a la que Lima respondi\u00f3:<\/p>\n\n\n\n<p>\u201c<em>Lo que corresponde es ir a la Fiscal\u00eda y rendir informaci\u00f3n y no victimizarse, y no permitir que se distorsione la democracia. La democracia funciona si todos somos iguales ante la ley<\/em>\u201d, indic\u00f3 Lima.<\/p>\n\n\n\n<p>Seg\u00fan m\u00e1s detalles brindados por el ministro, se solicitaron informes a 32 entidades bancarias y registros en el Servicio Plurinacional de Registro de Comercio (SEPREC), Impuestos Nacionales, la Autoridad de Regulaci\u00f3n y Fiscalizaci\u00f3n de Telecomunicaciones y Transportes (ATT), la Autoridad de Supervisi\u00f3n del Sistema Financiero (ASFI), Migraci\u00f3n, antecedentes en la Polic\u00eda Boliviana, entre otros.<\/p>\n\n\n\n<p>Sobre el tema, la viceministra de Comunicaci\u00f3n, Gabriela Alc\u00f3n, expres\u00f3:<\/p>\n\n\n\n<p>\u201c<em>Todos los servidores, toda la poblaci\u00f3n tiene que responder, estamos sujetos a la misma normativa (\u2026) solo que ac\u00e1 ya hay una costumbre de decir \u2018persecuci\u00f3n pol\u00edtica\u2019 para buscar impunidad por determinados hechos, por determinadas acciones<\/em>\u201d, indic\u00f3.<\/p>\n\n\n\n<p>Esta investigaci\u00f3n data de septiembre de 2022, y se da, fundamentalmente, porque Ribera fungi\u00f3 como representante de la Unidad de Gesti\u00f3n Social del Ministerio de la Presidencia durante el r\u00e9gimen de Jeanine \u00c1\u00f1ez.<\/p>\n","protected":false},"excerpt":{"rendered":"<p>El ministro de justicia, Iv\u00e1n Lima, inform\u00f3 a los medios de comunicaci\u00f3n que la Fiscal\u00eda General del Estado se encuentra investigando los movimientos financieros de Carolina Ribera, hija de Jeanine A\u00f1ez, por el presunto delito de legitimaci\u00f3n de ganancias il\u00edcitas. Ante esta informaci\u00f3n, Ribera denunci\u00f3 persecuci\u00f3n pol\u00edtica, denuncia a la que Lima respondi\u00f3: \u201cLo que corresponde es ir a la Fiscal\u00eda y rendir informaci\u00f3n y no victimizarse, y no permitir que se distorsione la democracia. La democracia funciona si todos somos iguales ante la ley\u201d, indic\u00f3 Lima. Seg\u00fan m\u00e1s detalles brindados por el ministro, se solicitaron informes a 32 entidades<\/p>\n","protected":false},"author":2,"featured_media":33672,"comment_status":"closed","ping_status":"open","sticky":false,"template":"","format":"standard","meta":{"_seopress_robots_primary_cat":"none","_seopress_titles_title":"","_seopress_titles_desc":"","_seopress_robots_index":"","_jetpack_memberships_contains_paid_content":false,"footnotes":""},"categories":[103],"tags":[],"class_list":["post-33669","post","type-post","status-publish","format-standard","has-post-thumbnail","hentry","category-nacional"],"jetpack_featured_media_url":"https:\/\/elradar.info\/wp-content\/uploads\/2023\/02\/carolina-ribera.webp","jetpack_sharing_enabled":true,"amp_enabled":true,"_links":{"self":[{"href":"https:\/\/elradar.info\/index.php?rest_route=\/wp\/v2\/posts\/33669","targetHints":{"allow":["GET"]}}],"collection":[{"href":"https:\/\/elradar.info\/index.php?rest_route=\/wp\/v2\/posts"}],"about":[{"href":"https:\/\/elradar.info\/index.php?rest_route=\/wp\/v2\/types\/post"}],"author":[{"embeddable":true,"href":"https:\/\/elradar.info\/index.php?rest_route=\/wp\/v2\/users\/2"}],"replies":[{"embeddable":true,"href":"https:\/\/elradar.info\/index.php?rest_route=%2Fwp%2Fv2%2Fcomments&post=33669"}],"version-history":[{"count":1,"href":"https:\/\/elradar.info\/index.php?rest_route=\/wp\/v2\/posts\/33669\/revisions"}],"predecessor-version":[{"id":33673,"href":"https:\/\/elradar.info\/index.php?rest_route=\/wp\/v2\/posts\/33669\/revisions\/33673"}],"wp:featuredmedia":[{"embeddable":true,"href":"https:\/\/elradar.info\/index.php?rest_route=\/wp\/v2\/media\/33672"}],"wp:attachment":[{"href":"https:\/\/elradar.info\/index.php?rest_route=%2Fwp%2Fv2%2Fmedia&parent=33669"}],"wp:term":[{"taxonomy":"category","embeddable":true,"href":"https:\/\/elradar.info\/index.php?rest_route=%2Fwp%2Fv2%2Fcategories&post=33669"},{"taxonomy":"post_tag","embeddable":true,"href":"https:\/\/elradar.info\/index.php?rest_route=%2Fwp%2Fv2%2Ftags&post=33669"}],"curies":[{"name":"wp","href":"https:\/\/api.w.org\/{rel}","templated":true}]}}