{"id":33735,"date":"2023-02-10T16:47:29","date_gmt":"2023-02-10T20:47:29","guid":{"rendered":"http:\/\/elradar.info\/?p=33735"},"modified":"2024-02-01T12:10:36","modified_gmt":"2024-02-01T16:10:36","slug":"anez-culpa-a-evo-morales-de-los-hechos-de-2019","status":"publish","type":"post","link":"https:\/\/elradar.info\/?p=33735","title":{"rendered":"<strong>\u00c1\u00f1ez culpa a Evo Morales de los hechos de 2019<\/strong>"},"content":{"rendered":"\n<p>Jeanine \u00c1\u00f1ez public\u00f3 a trav\u00e9s de su cuenta de Twitter un tuit en el que culp\u00f3 a Evo Morales por los hechos que, seg\u00fan ella, desencadenaron los luctuosos resultados de 2019. La publicaci\u00f3n se dio como respuesta a la decisi\u00f3n de la Comisi\u00f3n Mixta de Justicia Plural de la Asamblea Legislativa de devolver al Tribunal Supremo de Justicia tres proposiciones acusatorias para juicios de responsabilidades.<\/p>\n\n\n\n<p>\u201c<em>Si Evo Morales no hubiera ido a reelecci\u00f3n contra #21F, habr\u00eda democracia. Si no hubiera hecho fraude, habr\u00eda democracia. Si no hubiera hu\u00eddo de la Presidencia y el pa\u00eds igual que su c\u00fapula masista, no hubiera habido sucesi\u00f3n constitucional.<\/em><\/p>\n\n\n\n<p><em>Hechos, senador Flores, no supuestos<\/em>\u201d, escribi\u00f3 \u00c1\u00f1ez.<\/p>\n\n\n\n<p>En su publicaci\u00f3n, la exsenadora se refiri\u00f3 al refer\u00e9ndum del 21 de febrero de 2016, cuando, mediante una consulta popular, Evo Morales pretend\u00eda modificar el art\u00edculo 168 de la Constituci\u00f3n Pol\u00edtica del Estado para poder ir a una nueva reelecci\u00f3n. En esa ocasi\u00f3n su propuesta perdi\u00f3 con el 51,3% de los votos frente al 48,7% del S\u00ed, pese a lo cual volvi\u00f3 a presentarse como candidato a las elecciones, algo que produjo gran malestar entre la poblaci\u00f3n.<\/p>\n","protected":false},"excerpt":{"rendered":"<p>Jeanine \u00c1\u00f1ez public\u00f3 a trav\u00e9s de su cuenta de Twitter un tuit en el que culp\u00f3 a Evo Morales por los hechos que, seg\u00fan ella, desencadenaron los luctuosos resultados de 2019. La publicaci\u00f3n se dio como respuesta a la decisi\u00f3n de la Comisi\u00f3n Mixta de Justicia Plural de la Asamblea Legislativa de devolver al Tribunal Supremo de Justicia tres proposiciones acusatorias para juicios de responsabilidades. \u201cSi Evo Morales no hubiera ido a reelecci\u00f3n contra #21F, habr\u00eda democracia. Si no hubiera hecho fraude, habr\u00eda democracia. Si no hubiera hu\u00eddo de la Presidencia y el pa\u00eds igual que su c\u00fapula masista, no<\/p>\n","protected":false},"author":2,"featured_media":33738,"comment_status":"closed","ping_status":"open","sticky":false,"template":"","format":"standard","meta":{"_seopress_robots_primary_cat":"none","_seopress_titles_title":"","_seopress_titles_desc":"","_seopress_robots_index":"","_jetpack_memberships_contains_paid_content":false,"footnotes":""},"categories":[103],"tags":[1094],"class_list":["post-33735","post","type-post","status-publish","format-standard","has-post-thumbnail","hentry","category-nacional","tag-nacional"],"jetpack_featured_media_url":"https:\/\/elradar.info\/wp-content\/uploads\/2023\/02\/evoanez.jpg","jetpack_sharing_enabled":true,"amp_enabled":true,"_links":{"self":[{"href":"https:\/\/elradar.info\/index.php?rest_route=\/wp\/v2\/posts\/33735","targetHints":{"allow":["GET"]}}],"collection":[{"href":"https:\/\/elradar.info\/index.php?rest_route=\/wp\/v2\/posts"}],"about":[{"href":"https:\/\/elradar.info\/index.php?rest_route=\/wp\/v2\/types\/post"}],"author":[{"embeddable":true,"href":"https:\/\/elradar.info\/index.php?rest_route=\/wp\/v2\/users\/2"}],"replies":[{"embeddable":true,"href":"https:\/\/elradar.info\/index.php?rest_route=%2Fwp%2Fv2%2Fcomments&post=33735"}],"version-history":[{"count":1,"href":"https:\/\/elradar.info\/index.php?rest_route=\/wp\/v2\/posts\/33735\/revisions"}],"predecessor-version":[{"id":33739,"href":"https:\/\/elradar.info\/index.php?rest_route=\/wp\/v2\/posts\/33735\/revisions\/33739"}],"wp:featuredmedia":[{"embeddable":true,"href":"https:\/\/elradar.info\/index.php?rest_route=\/wp\/v2\/media\/33738"}],"wp:attachment":[{"href":"https:\/\/elradar.info\/index.php?rest_route=%2Fwp%2Fv2%2Fmedia&parent=33735"}],"wp:term":[{"taxonomy":"category","embeddable":true,"href":"https:\/\/elradar.info\/index.php?rest_route=%2Fwp%2Fv2%2Fcategories&post=33735"},{"taxonomy":"post_tag","embeddable":true,"href":"https:\/\/elradar.info\/index.php?rest_route=%2Fwp%2Fv2%2Ftags&post=33735"}],"curies":[{"name":"wp","href":"https:\/\/api.w.org\/{rel}","templated":true}]}}