{"id":33892,"date":"2023-02-22T15:24:47","date_gmt":"2023-02-22T19:24:47","guid":{"rendered":"http:\/\/elradar.info\/?p=33892"},"modified":"2024-02-01T12:09:59","modified_gmt":"2024-02-01T16:09:59","slug":"luis-arce-recordo-la-muerte-del-revolucionario-augusto-sandino","status":"publish","type":"post","link":"https:\/\/elradar.info\/?p=33892","title":{"rendered":"<strong>Luis Arce record\u00f3 la muerte del revolucionario Augusto Sandino<\/strong>"},"content":{"rendered":"\n<p>El presidente Luis Arce Catacora record\u00f3, a trav\u00e9s de sus redes sociales, la muerte del revolucionario nicarag\u00fcense Augusto Sandino, uno de los l\u00edderes de la resistencia contra el ej\u00e9rcito de los Estados Unidos en su pa\u00eds, mandado a asesinar por el dictador Anastasio Somoza.<\/p>\n\n\n\n<p><em>\u201cRecordamos 89 a\u00f1os del asesinato del general de hombres y mujeres libres, Augusto C\u00e9sar Sandino, quien lider\u00f3 la resistencia contra el ej\u00e9rcito de ocupaci\u00f3n estadounidense en #Nicaragua. Su legado vive como un ejemplo de dignidad y lucha por la soberan\u00eda de nuestros pueblos\u201d<\/em>, escribi\u00f3 el primer mandatario.<\/p>\n\n\n\n<p>Hijo ileg\u00edtimo de Gregorio Sandino y Margarita Calder\u00f3n, una sirvienta de la plantaci\u00f3n de caf\u00e9 de su padre, Augusto Sandino vivi\u00f3 con su abuela materna y despu\u00e9s trabaj\u00f3 por alg\u00fan tiempo como pe\u00f3n en las tierras de su progenitor. Cuando ten\u00eda 17 a\u00f1os presenci\u00f3 la primera intervenci\u00f3n de las tropas estadounidenses en Nicaragua. En esta intervenci\u00f3n muri\u00f3 el general liberal Benjam\u00edn Zeled\u00f3n, cuya heroica resistencia impresion\u00f3 a Sandino, quien a lo largo de su vida busc\u00f3 seguir sus pasos. M\u00e1s adelante, Augusto formar\u00eda el ej\u00e9rcito sandinista que luch\u00f3 contra la invasi\u00f3n norteamericana, la misma que dej\u00f3 Nicaragua en enero de 1933.<\/p>\n\n\n\n<p>Un a\u00f1o despu\u00e9s, el 21 de febrero de 1934, Sandino fue asesinado al asistir a una cena organizada por el presidente Juan Bautista Sacasa. El plan para matarlo fue urdido por Anastasio Somoza, quien hab\u00eda firmado un acuerdo con 14 miembros de la Guardia Nacional con el fin de ponerle una trampa y acabar con su vida.<\/p>\n","protected":false},"excerpt":{"rendered":"<p>El presidente Luis Arce Catacora record\u00f3, a trav\u00e9s de sus redes sociales, la muerte del revolucionario nicarag\u00fcense Augusto Sandino, uno de los l\u00edderes de la resistencia contra el ej\u00e9rcito de los Estados Unidos en su pa\u00eds, mandado a asesinar por el dictador Anastasio Somoza. \u201cRecordamos 89 a\u00f1os del asesinato del general de hombres y mujeres libres, Augusto C\u00e9sar Sandino, quien lider\u00f3 la resistencia contra el ej\u00e9rcito de ocupaci\u00f3n estadounidense en #Nicaragua. Su legado vive como un ejemplo de dignidad y lucha por la soberan\u00eda de nuestros pueblos\u201d, escribi\u00f3 el primer mandatario. Hijo ileg\u00edtimo de Gregorio Sandino y Margarita Calder\u00f3n, una<\/p>\n","protected":false},"author":2,"featured_media":33895,"comment_status":"closed","ping_status":"open","sticky":false,"template":"","format":"standard","meta":{"_seopress_robots_primary_cat":"none","_seopress_titles_title":"","_seopress_titles_desc":"","_seopress_robots_index":"","_jetpack_memberships_contains_paid_content":false,"footnotes":""},"categories":[103],"tags":[109,708,113,132,120,1094],"class_list":["post-33892","post","type-post","status-publish","format-standard","has-post-thumbnail","hentry","category-nacional","tag-bolivia","tag-gobierno-nacional","tag-internacional","tag-luis-arce","tag-luis-arce-catacora","tag-nacional"],"jetpack_featured_media_url":"https:\/\/elradar.info\/wp-content\/uploads\/2023\/02\/WhatsApp-Image-2023-02-22-at-3.01.08-PM.jpeg","jetpack_sharing_enabled":true,"amp_enabled":true,"_links":{"self":[{"href":"https:\/\/elradar.info\/index.php?rest_route=\/wp\/v2\/posts\/33892","targetHints":{"allow":["GET"]}}],"collection":[{"href":"https:\/\/elradar.info\/index.php?rest_route=\/wp\/v2\/posts"}],"about":[{"href":"https:\/\/elradar.info\/index.php?rest_route=\/wp\/v2\/types\/post"}],"author":[{"embeddable":true,"href":"https:\/\/elradar.info\/index.php?rest_route=\/wp\/v2\/users\/2"}],"replies":[{"embeddable":true,"href":"https:\/\/elradar.info\/index.php?rest_route=%2Fwp%2Fv2%2Fcomments&post=33892"}],"version-history":[{"count":1,"href":"https:\/\/elradar.info\/index.php?rest_route=\/wp\/v2\/posts\/33892\/revisions"}],"predecessor-version":[{"id":33896,"href":"https:\/\/elradar.info\/index.php?rest_route=\/wp\/v2\/posts\/33892\/revisions\/33896"}],"wp:featuredmedia":[{"embeddable":true,"href":"https:\/\/elradar.info\/index.php?rest_route=\/wp\/v2\/media\/33895"}],"wp:attachment":[{"href":"https:\/\/elradar.info\/index.php?rest_route=%2Fwp%2Fv2%2Fmedia&parent=33892"}],"wp:term":[{"taxonomy":"category","embeddable":true,"href":"https:\/\/elradar.info\/index.php?rest_route=%2Fwp%2Fv2%2Fcategories&post=33892"},{"taxonomy":"post_tag","embeddable":true,"href":"https:\/\/elradar.info\/index.php?rest_route=%2Fwp%2Fv2%2Ftags&post=33892"}],"curies":[{"name":"wp","href":"https:\/\/api.w.org\/{rel}","templated":true}]}}