{"id":33926,"date":"2023-02-23T17:00:03","date_gmt":"2023-02-23T21:00:03","guid":{"rendered":"http:\/\/elradar.info\/?p=33926"},"modified":"2024-02-01T12:09:58","modified_gmt":"2024-02-01T16:09:58","slug":"maria-nela-prada-cuestiono-el-hermetismo-de-facebook-y-le-pidio-transparencia","status":"publish","type":"post","link":"https:\/\/elradar.info\/?p=33926","title":{"rendered":"<strong>Mar\u00eda Nela Prada cuestion\u00f3 el hermetismo de Facebook y le pidi\u00f3 transparencia<\/strong>"},"content":{"rendered":"\n<p>La ministra de la presidencia, Mar\u00eda Nela Prada, finalizando una conferencia de prensa brindada hoy sobre las declaraciones del expresidente del Comit\u00e9 C\u00edvico, R\u00f3mulo Calvo, se refiri\u00f3 al masivo cierre de cuentas de Facebook anunciado hoy en un informe de la empresa Meta.<\/p>\n\n\n\n<p>Prada manifest\u00f3 que a\u00fan no existe un informe oficial sobre el caso, pero reflexion\u00f3 en torno al hermetismo de esa red social y al manejo que hace de la informaci\u00f3n personal de sus usuarios.<\/p>\n\n\n\n<p><em>\u201cHay en este momento bastante informaci\u00f3n de lo que sucede con instancias como Facebook y el uso que se da a la informaci\u00f3n, el uso que se da respecto a cuentas, el uso que se da de informaci\u00f3n privada de cada una de las personas que tiene Facebook. Creo que es importante que, ojal\u00e1, y esto es una exhortaci\u00f3n a Facebook, m\u00e1s all\u00e1 de lo que declare misteriosamente en relaci\u00f3n a dos gobiernos de izquierda, misteriosamente digo porque realmente habr\u00eda que preguntarse cu\u00e1les son sus criterios por los que ha llegado a esa conclusi\u00f3n y a ese tipo de informes, pero yo creo que s\u00ed, todas y todos deber\u00edamos exigir que exista mucha m\u00e1s transparencia respecto a lo que pasa en este espacio virtual\u201d<\/em>, expres\u00f3 Prada.<\/p>\n\n\n\n<p>Asimismo, dijo que, si Facebook iba a hacer declaraciones respecto a un gobierno democr\u00e1ticamente electo, m\u00ednimamente debi\u00f3 hacer las consultas correspondientes antes de hacer publicaciones sobre sus posibles vinculaciones con cuentas falsas.<\/p>\n","protected":false},"excerpt":{"rendered":"<p>La ministra de la presidencia, Mar\u00eda Nela Prada, finalizando una conferencia de prensa brindada hoy sobre las declaraciones del expresidente del Comit\u00e9 C\u00edvico, R\u00f3mulo Calvo, se refiri\u00f3 al masivo cierre de cuentas de Facebook anunciado hoy en un informe de la empresa Meta. Prada manifest\u00f3 que a\u00fan no existe un informe oficial sobre el caso, pero reflexion\u00f3 en torno al hermetismo de esa red social y al manejo que hace de la informaci\u00f3n personal de sus usuarios. \u201cHay en este momento bastante informaci\u00f3n de lo que sucede con instancias como Facebook y el uso que se da a la informaci\u00f3n,<\/p>\n","protected":false},"author":2,"featured_media":33930,"comment_status":"closed","ping_status":"open","sticky":false,"template":"","format":"standard","meta":{"_seopress_robots_primary_cat":"none","_seopress_titles_title":"","_seopress_titles_desc":"","_seopress_robots_index":"","_jetpack_memberships_contains_paid_content":false,"footnotes":""},"categories":[103],"tags":[109,708,293,132,120,235,1094],"class_list":["post-33926","post","type-post","status-publish","format-standard","has-post-thumbnail","hentry","category-nacional","tag-bolivia","tag-gobierno-nacional","tag-la-paz","tag-luis-arce","tag-luis-arce-catacora","tag-luis-fernando-camacho","tag-nacional"],"jetpack_featured_media_url":"https:\/\/elradar.info\/wp-content\/uploads\/2023\/02\/5cb5f88d-da55-4a35-8b71-42fd1a515a57.jpeg","jetpack_sharing_enabled":true,"amp_enabled":true,"_links":{"self":[{"href":"https:\/\/elradar.info\/index.php?rest_route=\/wp\/v2\/posts\/33926","targetHints":{"allow":["GET"]}}],"collection":[{"href":"https:\/\/elradar.info\/index.php?rest_route=\/wp\/v2\/posts"}],"about":[{"href":"https:\/\/elradar.info\/index.php?rest_route=\/wp\/v2\/types\/post"}],"author":[{"embeddable":true,"href":"https:\/\/elradar.info\/index.php?rest_route=\/wp\/v2\/users\/2"}],"replies":[{"embeddable":true,"href":"https:\/\/elradar.info\/index.php?rest_route=%2Fwp%2Fv2%2Fcomments&post=33926"}],"version-history":[{"count":1,"href":"https:\/\/elradar.info\/index.php?rest_route=\/wp\/v2\/posts\/33926\/revisions"}],"predecessor-version":[{"id":33931,"href":"https:\/\/elradar.info\/index.php?rest_route=\/wp\/v2\/posts\/33926\/revisions\/33931"}],"wp:featuredmedia":[{"embeddable":true,"href":"https:\/\/elradar.info\/index.php?rest_route=\/wp\/v2\/media\/33930"}],"wp:attachment":[{"href":"https:\/\/elradar.info\/index.php?rest_route=%2Fwp%2Fv2%2Fmedia&parent=33926"}],"wp:term":[{"taxonomy":"category","embeddable":true,"href":"https:\/\/elradar.info\/index.php?rest_route=%2Fwp%2Fv2%2Fcategories&post=33926"},{"taxonomy":"post_tag","embeddable":true,"href":"https:\/\/elradar.info\/index.php?rest_route=%2Fwp%2Fv2%2Ftags&post=33926"}],"curies":[{"name":"wp","href":"https:\/\/api.w.org\/{rel}","templated":true}]}}