{"id":34180,"date":"2023-03-08T16:27:41","date_gmt":"2023-03-08T20:27:41","guid":{"rendered":"http:\/\/elradar.info\/?p=34180"},"modified":"2024-02-01T12:09:55","modified_gmt":"2024-02-01T16:09:55","slug":"analistas-aseguran-que-la-moneda-nacional-es-fuerte","status":"publish","type":"post","link":"https:\/\/elradar.info\/?p=34180","title":{"rendered":"<strong>Analistas aseguran que la moneda nacional es fuerte<\/strong>"},"content":{"rendered":"\n<p>Analistas econ\u00f3micos se\u00f1alan que la moneda nacional sigue siendo estable, y que la diferencia en el tipo de cambio oficial y el del mercado informal es muy baja. El conflicto por la demanda de d\u00f3lares se habr\u00eda generado, entonces, por una serie de medidas implementadas por el Ejecutivo para captar d\u00f3lares del sector privado, ofreciendo un cambio preferencial a los exportadores.<\/p>\n\n\n\n<p>Algunas se\u00f1ales de que la moneda boliviana es fuerte son que la mayor parte de las carteras de cr\u00e9dito y los dep\u00f3sitos se encuentran en bolivianos, y que Bolivia cuenta con la inflaci\u00f3n m\u00e1s baja de toda la regi\u00f3n.<\/p>\n\n\n\n<p>Algunos especialistas, entre ellos, Jaimen Dunn, se\u00f1alaron que la alta demanda de d\u00f3lares fue provocada por desinformaci\u00f3n que circula en medios de comunicaci\u00f3n y redes sociales. Seg\u00fan \u00e9l existen dos tipos de devaluaci\u00f3n, una generada por el Gobierno y otra por la especulaci\u00f3n, por lo que llam\u00f3 a tranquilizar a la poblaci\u00f3n y evitar que esta use su dinero en bolivianos para comprar d\u00f3lares.<\/p>\n\n\n\n<p>En este sentido, entre el lunes y el martes de esta semana, el Banco Nacional de Bolivia vendi\u00f3 aproximadamente dos millones de d\u00f3lares y ampli\u00f3 su horario de atenci\u00f3n hasta las 21.00 con el fin de atender los requerimientos de la poblaci\u00f3n.<\/p>\n","protected":false},"excerpt":{"rendered":"<p>Analistas econ\u00f3micos se\u00f1alan que la moneda nacional sigue siendo estable, y que la diferencia en el tipo de cambio oficial y el del mercado informal es muy baja. El conflicto por la demanda de d\u00f3lares se habr\u00eda generado, entonces, por una serie de medidas implementadas por el Ejecutivo para captar d\u00f3lares del sector privado, ofreciendo un cambio preferencial a los exportadores. Algunas se\u00f1ales de que la moneda boliviana es fuerte son que la mayor parte de las carteras de cr\u00e9dito y los dep\u00f3sitos se encuentran en bolivianos, y que Bolivia cuenta con la inflaci\u00f3n m\u00e1s baja de toda la regi\u00f3n.<\/p>\n","protected":false},"author":2,"featured_media":34184,"comment_status":"closed","ping_status":"open","sticky":false,"template":"","format":"standard","meta":{"_seopress_robots_primary_cat":"none","_seopress_titles_title":"","_seopress_titles_desc":"","_seopress_robots_index":"","_jetpack_memberships_contains_paid_content":false,"footnotes":""},"categories":[200],"tags":[109],"class_list":["post-34180","post","type-post","status-publish","format-standard","has-post-thumbnail","hentry","category-economia","tag-bolivia"],"jetpack_featured_media_url":"https:\/\/elradar.info\/wp-content\/uploads\/2023\/03\/vggbbgbg.png","jetpack_sharing_enabled":true,"amp_enabled":true,"_links":{"self":[{"href":"https:\/\/elradar.info\/index.php?rest_route=\/wp\/v2\/posts\/34180","targetHints":{"allow":["GET"]}}],"collection":[{"href":"https:\/\/elradar.info\/index.php?rest_route=\/wp\/v2\/posts"}],"about":[{"href":"https:\/\/elradar.info\/index.php?rest_route=\/wp\/v2\/types\/post"}],"author":[{"embeddable":true,"href":"https:\/\/elradar.info\/index.php?rest_route=\/wp\/v2\/users\/2"}],"replies":[{"embeddable":true,"href":"https:\/\/elradar.info\/index.php?rest_route=%2Fwp%2Fv2%2Fcomments&post=34180"}],"version-history":[{"count":1,"href":"https:\/\/elradar.info\/index.php?rest_route=\/wp\/v2\/posts\/34180\/revisions"}],"predecessor-version":[{"id":34185,"href":"https:\/\/elradar.info\/index.php?rest_route=\/wp\/v2\/posts\/34180\/revisions\/34185"}],"wp:featuredmedia":[{"embeddable":true,"href":"https:\/\/elradar.info\/index.php?rest_route=\/wp\/v2\/media\/34184"}],"wp:attachment":[{"href":"https:\/\/elradar.info\/index.php?rest_route=%2Fwp%2Fv2%2Fmedia&parent=34180"}],"wp:term":[{"taxonomy":"category","embeddable":true,"href":"https:\/\/elradar.info\/index.php?rest_route=%2Fwp%2Fv2%2Fcategories&post=34180"},{"taxonomy":"post_tag","embeddable":true,"href":"https:\/\/elradar.info\/index.php?rest_route=%2Fwp%2Fv2%2Ftags&post=34180"}],"curies":[{"name":"wp","href":"https:\/\/api.w.org\/{rel}","templated":true}]}}