{"id":34192,"date":"2023-03-09T15:17:58","date_gmt":"2023-03-09T19:17:58","guid":{"rendered":"http:\/\/elradar.info\/?p=34192"},"modified":"2024-02-01T12:09:55","modified_gmt":"2024-02-01T16:09:55","slug":"miles-de-jovenes-participan-de-la-presentacion-de-2023-como-ano-de-la-juventud-hacia-el-bicentenario","status":"publish","type":"post","link":"https:\/\/elradar.info\/?p=34192","title":{"rendered":"<strong>Miles de j\u00f3venes participan de la presentaci\u00f3n de 2023 como \u201cA\u00f1o de la juventud hacia el Bicentenario&#8221;<\/strong>"},"content":{"rendered":"\n<p>En el Coliseo Polideportivo \u201cH\u00e9roes de Octubre\u201d de la ciudad de El Alto, el presidente Luis Arce Catacora present\u00f3 el Decreto Supremo 4887, que declara el 2023 como \u201cA\u00f1o de la juventud hacia el Bicentenario&#8221;:<\/p>\n\n\n\n<p><em>\u201cUstedes, hoy, son los que van a definir el rumbo de nuestro pa\u00eds, por eso venimos a entregarles un reconocimiento total para declarar el a\u00f1o 2023 el A\u00f1o de la Juventud rumbo al Bicentenario (\u2026) El Gobierno nacional va escuchar, vamos a escuchar a todos los j\u00f3venes y se\u00f1oritas del pa\u00eds\u201d<\/em>, afirm\u00f3 el presidente en la ocasi\u00f3n.<\/p>\n\n\n\n<p>El evento, que fue amenizado con m\u00fasica, la presencia de influencers y otros, tambi\u00e9n cont\u00f3 con la participaci\u00f3n de varias autoridades de Estado, entre ellos el ministro Eduardo Del Castillo, quien manifest\u00f3:<em>\u201cHoy Bolivia vive lo que nosotros, los economistas, llamamos el bono demogr\u00e1fico; el bono demogr\u00e1fico no es un bono que se cobra con platita, es un bono que un pa\u00eds tiene cuando la composici\u00f3n de su juventud es mayoritaria, y hoy nuestro pa\u00eds tiene este bono que lo vemos en este marco humano aqu\u00ed en la ciudad de El Alto, en este coliseo, ustedes son el bono demogr\u00e1fico para el pa\u00eds, ustedes hoy, ustedes hoy j\u00f3venes, se\u00f1oritas son los que van a definir el rumbo de nuestro pa\u00eds, por eso nosotros venimos simplemente a entregarles que de aqu\u00ed en adelante el reconocimiento pleno y total del Gobierno nacional para declarar el a\u00f1o 2023 como A\u00f1o de la Juventud rumbo al Bicentenario&#8221;<\/em>, expres\u00f3 Del Castillo.<\/p>\n","protected":false},"excerpt":{"rendered":"<p>En el Coliseo Polideportivo \u201cH\u00e9roes de Octubre\u201d de la ciudad de El Alto, el presidente Luis Arce Catacora present\u00f3 el Decreto Supremo 4887, que declara el 2023 como \u201cA\u00f1o de la juventud hacia el Bicentenario&#8221;: \u201cUstedes, hoy, son los que van a definir el rumbo de nuestro pa\u00eds, por eso venimos a entregarles un reconocimiento total para declarar el a\u00f1o 2023 el A\u00f1o de la Juventud rumbo al Bicentenario (\u2026) El Gobierno nacional va escuchar, vamos a escuchar a todos los j\u00f3venes y se\u00f1oritas del pa\u00eds\u201d, afirm\u00f3 el presidente en la ocasi\u00f3n. El evento, que fue amenizado con m\u00fasica, la<\/p>\n","protected":false},"author":2,"featured_media":34195,"comment_status":"closed","ping_status":"open","sticky":false,"template":"","format":"standard","meta":{"_seopress_robots_primary_cat":"none","_seopress_titles_title":"","_seopress_titles_desc":"","_seopress_robots_index":"","_jetpack_memberships_contains_paid_content":false,"footnotes":""},"categories":[103],"tags":[109],"class_list":["post-34192","post","type-post","status-publish","format-standard","has-post-thumbnail","hentry","category-nacional","tag-bolivia"],"jetpack_featured_media_url":"https:\/\/elradar.info\/wp-content\/uploads\/2023\/03\/4381d6b7-ae01-4eaa-bcd8-acfdd79310e0.jpeg","jetpack_sharing_enabled":true,"amp_enabled":true,"_links":{"self":[{"href":"https:\/\/elradar.info\/index.php?rest_route=\/wp\/v2\/posts\/34192","targetHints":{"allow":["GET"]}}],"collection":[{"href":"https:\/\/elradar.info\/index.php?rest_route=\/wp\/v2\/posts"}],"about":[{"href":"https:\/\/elradar.info\/index.php?rest_route=\/wp\/v2\/types\/post"}],"author":[{"embeddable":true,"href":"https:\/\/elradar.info\/index.php?rest_route=\/wp\/v2\/users\/2"}],"replies":[{"embeddable":true,"href":"https:\/\/elradar.info\/index.php?rest_route=%2Fwp%2Fv2%2Fcomments&post=34192"}],"version-history":[{"count":1,"href":"https:\/\/elradar.info\/index.php?rest_route=\/wp\/v2\/posts\/34192\/revisions"}],"predecessor-version":[{"id":34196,"href":"https:\/\/elradar.info\/index.php?rest_route=\/wp\/v2\/posts\/34192\/revisions\/34196"}],"wp:featuredmedia":[{"embeddable":true,"href":"https:\/\/elradar.info\/index.php?rest_route=\/wp\/v2\/media\/34195"}],"wp:attachment":[{"href":"https:\/\/elradar.info\/index.php?rest_route=%2Fwp%2Fv2%2Fmedia&parent=34192"}],"wp:term":[{"taxonomy":"category","embeddable":true,"href":"https:\/\/elradar.info\/index.php?rest_route=%2Fwp%2Fv2%2Fcategories&post=34192"},{"taxonomy":"post_tag","embeddable":true,"href":"https:\/\/elradar.info\/index.php?rest_route=%2Fwp%2Fv2%2Ftags&post=34192"}],"curies":[{"name":"wp","href":"https:\/\/api.w.org\/{rel}","templated":true}]}}