{"id":34203,"date":"2023-03-09T15:26:37","date_gmt":"2023-03-09T19:26:37","guid":{"rendered":"http:\/\/elradar.info\/?p=34203"},"modified":"2024-02-01T12:09:55","modified_gmt":"2024-02-01T16:09:55","slug":"el-rio-guadalquivir-alcanzo-preocupantes-niveles-de-contaminacion","status":"publish","type":"post","link":"https:\/\/elradar.info\/?p=34203","title":{"rendered":"<strong>El r\u00edo Guadalquivir alcanz\u00f3 preocupantes niveles de contaminaci\u00f3n<\/strong>"},"content":{"rendered":"\n<p>Uno de los emblemas de los tarije\u00f1os, el r\u00edo Guadalquivir, enfrenta serios problemas de contaminaci\u00f3n, la misma que en zonas como El Temporal, El Angosto, el barrio Petrolero y Anc\u00f3n Chico, lleg\u00f3 a una clasificaci\u00f3n de clase \u201cD\u201d, es decir, que sus aguas ni siquiera son aptas para el riego de cultivos.<\/p>\n\n\n\n<p>El r\u00edo Guadalquivir est\u00e1 protegido por las leyes 2459, 2460 y 4144, adem\u00e1s de normas departamentales y municipales, pero hasta ahora no se han tomado acciones para reducir sus elevados \u00edndices de contaminaci\u00f3n.<\/p>\n\n\n\n<p>La alcald\u00eda tarije\u00f1a habr\u00eda recibido varias denuncias sobre la contaminaci\u00f3n del r\u00edo por parte de lavaderos de autos y mataderos instalados en las orillas del r\u00edo, sin embargo, no hizo nada para atender a esas denuncias. La creaci\u00f3n de la Secretar\u00eda de Desarrollo Productivo, Recursos Naturales y Medio Ambiente tampoco cuenta con un plan efectivo que tome en sus manos el rescatar este importante afluente.<\/p>\n","protected":false},"excerpt":{"rendered":"<p>Uno de los emblemas de los tarije\u00f1os, el r\u00edo Guadalquivir, enfrenta serios problemas de contaminaci\u00f3n, la misma que en zonas como El Temporal, El Angosto, el barrio Petrolero y Anc\u00f3n Chico, lleg\u00f3 a una clasificaci\u00f3n de clase \u201cD\u201d, es decir, que sus aguas ni siquiera son aptas para el riego de cultivos. El r\u00edo Guadalquivir est\u00e1 protegido por las leyes 2459, 2460 y 4144, adem\u00e1s de normas departamentales y municipales, pero hasta ahora no se han tomado acciones para reducir sus elevados \u00edndices de contaminaci\u00f3n. La alcald\u00eda tarije\u00f1a habr\u00eda recibido varias denuncias sobre la contaminaci\u00f3n del r\u00edo por parte de<\/p>\n","protected":false},"author":2,"featured_media":34207,"comment_status":"closed","ping_status":"open","sticky":false,"template":"","format":"standard","meta":{"_seopress_robots_primary_cat":"none","_seopress_titles_title":"","_seopress_titles_desc":"","_seopress_robots_index":"","_jetpack_memberships_contains_paid_content":false,"footnotes":""},"categories":[103],"tags":[109],"class_list":["post-34203","post","type-post","status-publish","format-standard","has-post-thumbnail","hentry","category-nacional","tag-bolivia"],"jetpack_featured_media_url":"https:\/\/elradar.info\/wp-content\/uploads\/2023\/03\/WhatsApp-Image-2023-03-09-at-3.26.01-PM.jpeg","jetpack_sharing_enabled":true,"amp_enabled":true,"_links":{"self":[{"href":"https:\/\/elradar.info\/index.php?rest_route=\/wp\/v2\/posts\/34203","targetHints":{"allow":["GET"]}}],"collection":[{"href":"https:\/\/elradar.info\/index.php?rest_route=\/wp\/v2\/posts"}],"about":[{"href":"https:\/\/elradar.info\/index.php?rest_route=\/wp\/v2\/types\/post"}],"author":[{"embeddable":true,"href":"https:\/\/elradar.info\/index.php?rest_route=\/wp\/v2\/users\/2"}],"replies":[{"embeddable":true,"href":"https:\/\/elradar.info\/index.php?rest_route=%2Fwp%2Fv2%2Fcomments&post=34203"}],"version-history":[{"count":1,"href":"https:\/\/elradar.info\/index.php?rest_route=\/wp\/v2\/posts\/34203\/revisions"}],"predecessor-version":[{"id":34208,"href":"https:\/\/elradar.info\/index.php?rest_route=\/wp\/v2\/posts\/34203\/revisions\/34208"}],"wp:featuredmedia":[{"embeddable":true,"href":"https:\/\/elradar.info\/index.php?rest_route=\/wp\/v2\/media\/34207"}],"wp:attachment":[{"href":"https:\/\/elradar.info\/index.php?rest_route=%2Fwp%2Fv2%2Fmedia&parent=34203"}],"wp:term":[{"taxonomy":"category","embeddable":true,"href":"https:\/\/elradar.info\/index.php?rest_route=%2Fwp%2Fv2%2Fcategories&post=34203"},{"taxonomy":"post_tag","embeddable":true,"href":"https:\/\/elradar.info\/index.php?rest_route=%2Fwp%2Fv2%2Ftags&post=34203"}],"curies":[{"name":"wp","href":"https:\/\/api.w.org\/{rel}","templated":true}]}}