{"id":34382,"date":"2023-05-11T13:08:08","date_gmt":"2023-05-11T17:08:08","guid":{"rendered":"http:\/\/elradar.info\/?p=34382"},"modified":"2024-02-01T12:09:54","modified_gmt":"2024-02-01T16:09:54","slug":"arce-realiza-balance-de-la-gestion-en-su-mitad-de-mandato","status":"publish","type":"post","link":"https:\/\/elradar.info\/?p=34382","title":{"rendered":"Arce realiza balance de la gesti\u00f3n en su mitad de mandato"},"content":{"rendered":"\n<p>El presidente Luis Arce present\u00f3 al pueblo boliviano un balance de su gesti\u00f3n en el marco del cumplimiento del a\u00f1o y medio de su mandato.<\/p>\n\n\n\n<p>Su discurso abord\u00f3 temas de salud, econom\u00eda, justicia, industrializaci\u00f3n y finaliz\u00f3 con la condena absoluta a los casos de pederastia en la Iglesia Cat\u00f3lica, presentados en el pa\u00eds.<\/p>\n\n\n\n<p>Dentro de la industrializaci\u00f3n, el mandatario precis\u00f3 que se implementaron m\u00e1s de 130 plantas industriales en todo el pa\u00eds gracias a una inversi\u00f3n de m\u00e1s de 3.600 millones de d\u00f3lares, y que una vez afianzadas estas nuevas industrias permitir\u00e1n generar un ahorro en importaci\u00f3n de m\u00e1s de 530 millones de d\u00f3lares al a\u00f1o.<\/p>\n\n\n\n<p>Arce explic\u00f3 que la crisis producto de la pandemia y el mal manejo econ\u00f3mico del r\u00e9gimen, gener\u00f3 en 2020 un d\u00e9ficit fiscal de 13 % que desemboc\u00f3 en un alto endeudamiento p\u00fablico.<\/p>\n\n\n\n<p>Ante tal situaci\u00f3n, el mandatario explic\u00f3 que se decidi\u00f3 priorizar la salud \u2013que atravesaba un momento cr\u00edtico- pero sin dejar de lado la econom\u00eda familiar. El presidente argument\u00f3 que gracias a la toma de estas medidas se logr\u00f3 obtener en el 2022 la inflaci\u00f3n m\u00e1s baja de la regi\u00f3n y una de las menores del mundo, incluso en un dif\u00edcil contexto internacional.<\/p>\n\n\n\n<p>Arce tambi\u00e9n sostuvo la veracidad de la reactivaci\u00f3n econ\u00f3mica, dando como pruebas los siguientes 4 indicadores:<\/p>\n\n\n\n<ol class=\"wp-block-list\" type=\"1\">\n<li>Crecimiento econ\u00f3mico: en el a\u00f1o 2021 super\u00f3 el 6% y en 2022 alcanz\u00f3 un 3,5%.<\/li>\n\n\n\n<li>PIB nominal: Increment\u00f3 de 40.703 millones de d\u00f3lares en el 2021 a 44.315 millones de d\u00f3lares en el 2022, cifra record en la historia.<\/li>\n\n\n\n<li>Tasa de desocupaci\u00f3n: disminuy\u00f3 de 11 % en 2020 a 4 % al cuarto trimestre de 2022.<\/li>\n\n\n\n<li>Inflaci\u00f3n: Est\u00e1 controlada y en 2022 fue de 3,1 %, la m\u00e1s baja de la regi\u00f3n y una de la m\u00e1s bajas del mundo.<\/li>\n<\/ol>\n\n\n\n<p>El presidente destac\u00f3 el avance en la industrializaci\u00f3n del litio, con el objetivo de posicionar al pa\u00eds como referente a nivel continental.<\/p>\n","protected":false},"excerpt":{"rendered":"<p>El presidente Luis Arce present\u00f3 al pueblo boliviano un balance de su gesti\u00f3n en el marco del cumplimiento del a\u00f1o y medio de su mandato. Su discurso abord\u00f3 temas de salud, econom\u00eda, justicia, industrializaci\u00f3n y finaliz\u00f3 con la condena absoluta a los casos de pederastia en la Iglesia Cat\u00f3lica, presentados en el pa\u00eds. Dentro de la industrializaci\u00f3n, el mandatario precis\u00f3 que se implementaron m\u00e1s de 130 plantas industriales en todo el pa\u00eds gracias a una inversi\u00f3n de m\u00e1s de 3.600 millones de d\u00f3lares, y que una vez afianzadas estas nuevas industrias permitir\u00e1n generar un ahorro en importaci\u00f3n de m\u00e1s de<\/p>\n","protected":false},"author":2,"featured_media":34386,"comment_status":"closed","ping_status":"open","sticky":false,"template":"","format":"standard","meta":{"_seopress_robots_primary_cat":"none","_seopress_titles_title":"","_seopress_titles_desc":"","_seopress_robots_index":"","_jetpack_memberships_contains_paid_content":false,"footnotes":""},"categories":[103],"tags":[109,708,120],"class_list":["post-34382","post","type-post","status-publish","format-standard","has-post-thumbnail","hentry","category-nacional","tag-bolivia","tag-gobierno-nacional","tag-luis-arce-catacora"],"jetpack_featured_media_url":"https:\/\/elradar.info\/wp-content\/uploads\/2023\/05\/arce.png","jetpack_sharing_enabled":true,"amp_enabled":true,"_links":{"self":[{"href":"https:\/\/elradar.info\/index.php?rest_route=\/wp\/v2\/posts\/34382","targetHints":{"allow":["GET"]}}],"collection":[{"href":"https:\/\/elradar.info\/index.php?rest_route=\/wp\/v2\/posts"}],"about":[{"href":"https:\/\/elradar.info\/index.php?rest_route=\/wp\/v2\/types\/post"}],"author":[{"embeddable":true,"href":"https:\/\/elradar.info\/index.php?rest_route=\/wp\/v2\/users\/2"}],"replies":[{"embeddable":true,"href":"https:\/\/elradar.info\/index.php?rest_route=%2Fwp%2Fv2%2Fcomments&post=34382"}],"version-history":[{"count":1,"href":"https:\/\/elradar.info\/index.php?rest_route=\/wp\/v2\/posts\/34382\/revisions"}],"predecessor-version":[{"id":34385,"href":"https:\/\/elradar.info\/index.php?rest_route=\/wp\/v2\/posts\/34382\/revisions\/34385"}],"wp:featuredmedia":[{"embeddable":true,"href":"https:\/\/elradar.info\/index.php?rest_route=\/wp\/v2\/media\/34386"}],"wp:attachment":[{"href":"https:\/\/elradar.info\/index.php?rest_route=%2Fwp%2Fv2%2Fmedia&parent=34382"}],"wp:term":[{"taxonomy":"category","embeddable":true,"href":"https:\/\/elradar.info\/index.php?rest_route=%2Fwp%2Fv2%2Fcategories&post=34382"},{"taxonomy":"post_tag","embeddable":true,"href":"https:\/\/elradar.info\/index.php?rest_route=%2Fwp%2Fv2%2Ftags&post=34382"}],"curies":[{"name":"wp","href":"https:\/\/api.w.org\/{rel}","templated":true}]}}