{"id":34403,"date":"2023-05-17T18:45:54","date_gmt":"2023-05-17T22:45:54","guid":{"rendered":"http:\/\/elradar.info\/?p=34403"},"modified":"2024-02-01T12:09:53","modified_gmt":"2024-02-01T16:09:53","slug":"ruben-mendez-nuevo-ministro-de-medio-ambiente-y-agua","status":"publish","type":"post","link":"https:\/\/elradar.info\/?p=34403","title":{"rendered":"RUB\u00c9N M\u00c9NDEZ: NUEVO MINISTRO DE MEDIO AMBIENTE Y AGUA"},"content":{"rendered":"\n<p>El Presidente Luis Arce posesion\u00f3 este mi\u00e9rcoles 17 de mayo de 2023 en La Casa Grande Del Pueblo a Rub\u00e9n Alejandro M\u00e9ndez Estrada como el nuevo Ministro de Medio Ambiente y Aguas. M\u00e9ndez naci\u00f3 en Potos\u00ed el 17 de febrero de 1958 y es Ingeniero con Maestr\u00eda en Planificaci\u00f3n y Desarrollo de Proyectos de la Universidad Loyola de La Paz. Trabaj\u00f3 como Director General de Gesti\u00f3n Integral de Residuos S\u00f3lidos en el Ministerio de Medio Ambiente y Agua, fue Viceministro de Agua Potable y Servicios B\u00e1sicos durante la gesti\u00f3n de Evo Morales en 2011, y ocup\u00f3 el cargo de gerente general de la Empresa Municipal de Aseo de El Alto entre el 2005 y el 2006. El presidente Arce catalog\u00f3 a M\u00e9ndez como una persona que conoce desde hace tiempo y que proviene como aporte de las organizaciones sociales de El Alto. <\/p>\n\n\n\n<p>El nuevo Ministro refiri\u00f3 que su trabajo ser\u00e1 eficiente, eficaz, \u00e9tico y transparente; que va a consensuar y coordinar con las organizaciones sociales de toda Bolivia y en espec\u00edfico de El Alto, que su ministerio \u201c<em>va a recibir a todos<\/em>\u201d y que trabajar\u00e1 por cumplir con los objetivos de la agenda 2025 en materia de agua, saneamiento y riego. Durante la ceremonia el Presidente Arce dijo que en su gobierno \u201c<em>no hay tolerancia a la corrupci\u00f3n (\u2026) tiene que aplicarse todo el peso de la ley<\/em>\u201d.<\/p>\n\n\n\n<p>La posesi\u00f3n de M\u00e9ndez como Ministro se da, luego de la renuncia del exministro Santos Cruz a esa misma cartera de Estado el 12 de mayo, y su posterior aprehensi\u00f3n y traslado, el 16 de mayo, a la Fuerza Especial de Lucha Contra el Crimen (FELCC) de La Paz por cargo de supuesto enriquecimiento il\u00edcito, todo esto tras la acusaci\u00f3n de su presunta vinculaci\u00f3n en hechos de corrupci\u00f3n con cobros de coimas para obras adjudicadas durante su gesti\u00f3n.<\/p>\n","protected":false},"excerpt":{"rendered":"<p>El Presidente Luis Arce posesion\u00f3 este mi\u00e9rcoles 17 de mayo de 2023 en La Casa Grande Del Pueblo a Rub\u00e9n Alejandro M\u00e9ndez Estrada como el nuevo Ministro de Medio Ambiente y Aguas. M\u00e9ndez naci\u00f3 en Potos\u00ed el 17 de febrero de 1958 y es Ingeniero con Maestr\u00eda en Planificaci\u00f3n y Desarrollo de Proyectos de la Universidad Loyola de La Paz. Trabaj\u00f3 como Director General de Gesti\u00f3n Integral de Residuos S\u00f3lidos en el Ministerio de Medio Ambiente y Agua, fue Viceministro de Agua Potable y Servicios B\u00e1sicos durante la gesti\u00f3n de Evo Morales en 2011, y ocup\u00f3 el cargo de gerente<\/p>\n","protected":false},"author":2,"featured_media":34406,"comment_status":"closed","ping_status":"open","sticky":false,"template":"","format":"standard","meta":{"_seopress_robots_primary_cat":"none","_seopress_titles_title":"","_seopress_titles_desc":"","_seopress_robots_index":"","_jetpack_memberships_contains_paid_content":false,"footnotes":""},"categories":[103],"tags":[120,5997,1094],"class_list":["post-34403","post","type-post","status-publish","format-standard","has-post-thumbnail","hentry","category-nacional","tag-luis-arce-catacora","tag-medio-ambiente-y-agua","tag-nacional"],"jetpack_featured_media_url":"https:\/\/elradar.info\/wp-content\/uploads\/2023\/05\/APG.jpg","jetpack_sharing_enabled":true,"amp_enabled":true,"_links":{"self":[{"href":"https:\/\/elradar.info\/index.php?rest_route=\/wp\/v2\/posts\/34403","targetHints":{"allow":["GET"]}}],"collection":[{"href":"https:\/\/elradar.info\/index.php?rest_route=\/wp\/v2\/posts"}],"about":[{"href":"https:\/\/elradar.info\/index.php?rest_route=\/wp\/v2\/types\/post"}],"author":[{"embeddable":true,"href":"https:\/\/elradar.info\/index.php?rest_route=\/wp\/v2\/users\/2"}],"replies":[{"embeddable":true,"href":"https:\/\/elradar.info\/index.php?rest_route=%2Fwp%2Fv2%2Fcomments&post=34403"}],"version-history":[{"count":2,"href":"https:\/\/elradar.info\/index.php?rest_route=\/wp\/v2\/posts\/34403\/revisions"}],"predecessor-version":[{"id":34408,"href":"https:\/\/elradar.info\/index.php?rest_route=\/wp\/v2\/posts\/34403\/revisions\/34408"}],"wp:featuredmedia":[{"embeddable":true,"href":"https:\/\/elradar.info\/index.php?rest_route=\/wp\/v2\/media\/34406"}],"wp:attachment":[{"href":"https:\/\/elradar.info\/index.php?rest_route=%2Fwp%2Fv2%2Fmedia&parent=34403"}],"wp:term":[{"taxonomy":"category","embeddable":true,"href":"https:\/\/elradar.info\/index.php?rest_route=%2Fwp%2Fv2%2Fcategories&post=34403"},{"taxonomy":"post_tag","embeddable":true,"href":"https:\/\/elradar.info\/index.php?rest_route=%2Fwp%2Fv2%2Ftags&post=34403"}],"curies":[{"name":"wp","href":"https:\/\/api.w.org\/{rel}","templated":true}]}}