{"id":34426,"date":"2023-05-25T22:24:31","date_gmt":"2023-05-26T02:24:31","guid":{"rendered":"http:\/\/elradar.info\/?p=34426"},"modified":"2024-02-01T12:09:53","modified_gmt":"2024-02-01T16:09:53","slug":"presidenta-del-peru-debe-declarar-en-fiscalia","status":"publish","type":"post","link":"https:\/\/elradar.info\/?p=34426","title":{"rendered":"PRESIDENTA DEL PER\u00da DEBE DECLARAR EN FISCAL\u00cdA"},"content":{"rendered":"\n<p>Dina Boluarte, presidenta del Per\u00fa, deber\u00e1 declarar ante la fiscal\u00eda este 31 de mayo del 2023. La cita se da a raz\u00f3n de una investigaci\u00f3n que se lleva a cabo acus\u00e1ndola de presuntos delitos de genocidio, homicidio calificado y lesiones graves durante protestas antigubernamentales sucedidas a pocos d\u00edas de su acenso al poder. Dichas protestas ocurrieron luego de que asumiera la presidencia del Per\u00fa, tras la abrupta interrupci\u00f3n de la gesti\u00f3n del mandatario anterior, quien fue destituido el 7 de diciembre del 2022, luego de intentar la disoluci\u00f3n del parlamento del Per\u00fa. Durante estas protestas -y con el Gobierno a la cabeza de Boluarte- sucedieron al menos 60 fallecimientos de civiles y m\u00e1s de 1300 heridos, en su mayor\u00eda afectados por armas de fuego seg\u00fan la Defensor\u00eda del Pueblo de ese pa\u00eds. Al respecto, la Comisi\u00f3n Interamericana de Derechos Humanos (CIDH) a trav\u00e9s de un informe manifest\u00f3 la existencia de &#8220;ejecuciones extrajudiciales&#8221; en Per\u00fa, y conden\u00f3 la violencia empleada por las fuerzas oficiales de seguridad durante las protestas. El abogado de la presidenta, Joseph Campos, confirm\u00f3 la citaci\u00f3n ante la Fiscal\u00eda expresando que est\u00e1n a la espera &#8220;con mucha expectativa ese d\u00eda para efectos de poder hacer la declaraci\u00f3n&#8221;.<\/p>\n","protected":false},"excerpt":{"rendered":"<p>Dina Boluarte, presidenta del Per\u00fa, deber\u00e1 declarar ante la fiscal\u00eda este 31 de mayo del 2023. La cita se da a raz\u00f3n de una investigaci\u00f3n que se lleva a cabo acus\u00e1ndola de presuntos delitos de genocidio, homicidio calificado y lesiones graves durante protestas antigubernamentales sucedidas a pocos d\u00edas de su acenso al poder. Dichas protestas ocurrieron luego de que asumiera la presidencia del Per\u00fa, tras la abrupta interrupci\u00f3n de la gesti\u00f3n del mandatario anterior, quien fue destituido el 7 de diciembre del 2022, luego de intentar la disoluci\u00f3n del parlamento del Per\u00fa. Durante estas protestas -y con el Gobierno a<\/p>\n","protected":false},"author":2,"featured_media":34429,"comment_status":"closed","ping_status":"open","sticky":false,"template":"","format":"standard","meta":{"_seopress_robots_primary_cat":"107","_seopress_titles_title":"","_seopress_titles_desc":"","_seopress_robots_index":"","_jetpack_memberships_contains_paid_content":false,"footnotes":""},"categories":[107],"tags":[6000,5847,176],"class_list":["post-34426","post","type-post","status-publish","format-standard","has-post-thumbnail","hentry","category-internacional","tag-ddhh","tag-dina-boluarte","tag-peru"],"jetpack_featured_media_url":"https:\/\/elradar.info\/wp-content\/uploads\/2023\/05\/peru.jpeg","jetpack_sharing_enabled":true,"amp_enabled":true,"_links":{"self":[{"href":"https:\/\/elradar.info\/index.php?rest_route=\/wp\/v2\/posts\/34426","targetHints":{"allow":["GET"]}}],"collection":[{"href":"https:\/\/elradar.info\/index.php?rest_route=\/wp\/v2\/posts"}],"about":[{"href":"https:\/\/elradar.info\/index.php?rest_route=\/wp\/v2\/types\/post"}],"author":[{"embeddable":true,"href":"https:\/\/elradar.info\/index.php?rest_route=\/wp\/v2\/users\/2"}],"replies":[{"embeddable":true,"href":"https:\/\/elradar.info\/index.php?rest_route=%2Fwp%2Fv2%2Fcomments&post=34426"}],"version-history":[{"count":1,"href":"https:\/\/elradar.info\/index.php?rest_route=\/wp\/v2\/posts\/34426\/revisions"}],"predecessor-version":[{"id":34430,"href":"https:\/\/elradar.info\/index.php?rest_route=\/wp\/v2\/posts\/34426\/revisions\/34430"}],"wp:featuredmedia":[{"embeddable":true,"href":"https:\/\/elradar.info\/index.php?rest_route=\/wp\/v2\/media\/34429"}],"wp:attachment":[{"href":"https:\/\/elradar.info\/index.php?rest_route=%2Fwp%2Fv2%2Fmedia&parent=34426"}],"wp:term":[{"taxonomy":"category","embeddable":true,"href":"https:\/\/elradar.info\/index.php?rest_route=%2Fwp%2Fv2%2Fcategories&post=34426"},{"taxonomy":"post_tag","embeddable":true,"href":"https:\/\/elradar.info\/index.php?rest_route=%2Fwp%2Fv2%2Ftags&post=34426"}],"curies":[{"name":"wp","href":"https:\/\/api.w.org\/{rel}","templated":true}]}}