{"id":34470,"date":"2023-06-02T16:17:04","date_gmt":"2023-06-02T20:17:04","guid":{"rendered":"http:\/\/elradar.info\/?p=34470"},"modified":"2024-02-01T12:09:52","modified_gmt":"2024-02-01T16:09:52","slug":"mineria-y-salud-tienen-nuevos-ministros","status":"publish","type":"post","link":"https:\/\/elradar.info\/?p=34470","title":{"rendered":"MINER\u00cdA Y SALUD TIENEN NUEVOS MINISTROS"},"content":{"rendered":"\n<p>El viernes 2 de junio en la ma\u00f1ana, el Presidente Luis Arce Catacora posesion\u00f3 a dos nuevos miembros de su gabinete en la Casa Grande del Pueblo. La nueva ministra de Salud y Deportes es Mar\u00eda Rene\u00e9 Castro, anterior viceministra de Promoci\u00f3n y Vigilancia Epidemiol\u00f3gica y Medicina Tradicional, y ex directora de Inlasa.<\/p>\n\n\n\n<p>Por su parte, Miner\u00eda estar\u00e1 a cargo de Marcelino Quispe, quien fue presidente de la Corporaci\u00f3n Minera de Bolivia (Comibol), gerente de la Empresa Minera Huanuni y gerente regional de la estatal Comibol.<\/p>\n\n\n\n<p>El Presidente Luis Arce agradeci\u00f3 a los ministros salientes -Jeyson Auza y Ramiro Villavicencio- y dese\u00f3 \u00e9xito en la gesti\u00f3n de los nuevos integrantes del gabinete, a quienes les encarg\u00f3 la responsabilidad de responder el apoyo que la poblaci\u00f3n boliviana les otorg\u00f3 con el 55,1% de los votos obtenidos en las elecciones del 2020, y \u201cpisar el acelerador\u201d para cumplir sus metas.<\/p>\n","protected":false},"excerpt":{"rendered":"<p>El viernes 2 de junio en la ma\u00f1ana, el Presidente Luis Arce Catacora posesion\u00f3 a dos nuevos miembros de su gabinete en la Casa Grande del Pueblo. La nueva ministra de Salud y Deportes es Mar\u00eda Rene\u00e9 Castro, anterior viceministra de Promoci\u00f3n y Vigilancia Epidemiol\u00f3gica y Medicina Tradicional, y ex directora de Inlasa. Por su parte, Miner\u00eda estar\u00e1 a cargo de Marcelino Quispe, quien fue presidente de la Corporaci\u00f3n Minera de Bolivia (Comibol), gerente de la Empresa Minera Huanuni y gerente regional de la estatal Comibol. El Presidente Luis Arce agradeci\u00f3 a los ministros salientes -Jeyson Auza y Ramiro Villavicencio-<\/p>\n","protected":false},"author":2,"featured_media":34473,"comment_status":"closed","ping_status":"open","sticky":false,"template":"","format":"standard","meta":{"_seopress_robots_primary_cat":"103","_seopress_titles_title":"","_seopress_titles_desc":"","_seopress_robots_index":"","_jetpack_memberships_contains_paid_content":false,"footnotes":""},"categories":[103],"tags":[6003,248,229],"class_list":["post-34470","post","type-post","status-publish","format-standard","has-post-thumbnail","hentry","category-nacional","tag-mineria","tag-ministros","tag-salud"],"jetpack_featured_media_url":"https:\/\/elradar.info\/wp-content\/uploads\/2023\/06\/ministros.png","jetpack_sharing_enabled":true,"amp_enabled":true,"_links":{"self":[{"href":"https:\/\/elradar.info\/index.php?rest_route=\/wp\/v2\/posts\/34470","targetHints":{"allow":["GET"]}}],"collection":[{"href":"https:\/\/elradar.info\/index.php?rest_route=\/wp\/v2\/posts"}],"about":[{"href":"https:\/\/elradar.info\/index.php?rest_route=\/wp\/v2\/types\/post"}],"author":[{"embeddable":true,"href":"https:\/\/elradar.info\/index.php?rest_route=\/wp\/v2\/users\/2"}],"replies":[{"embeddable":true,"href":"https:\/\/elradar.info\/index.php?rest_route=%2Fwp%2Fv2%2Fcomments&post=34470"}],"version-history":[{"count":1,"href":"https:\/\/elradar.info\/index.php?rest_route=\/wp\/v2\/posts\/34470\/revisions"}],"predecessor-version":[{"id":34474,"href":"https:\/\/elradar.info\/index.php?rest_route=\/wp\/v2\/posts\/34470\/revisions\/34474"}],"wp:featuredmedia":[{"embeddable":true,"href":"https:\/\/elradar.info\/index.php?rest_route=\/wp\/v2\/media\/34473"}],"wp:attachment":[{"href":"https:\/\/elradar.info\/index.php?rest_route=%2Fwp%2Fv2%2Fmedia&parent=34470"}],"wp:term":[{"taxonomy":"category","embeddable":true,"href":"https:\/\/elradar.info\/index.php?rest_route=%2Fwp%2Fv2%2Fcategories&post=34470"},{"taxonomy":"post_tag","embeddable":true,"href":"https:\/\/elradar.info\/index.php?rest_route=%2Fwp%2Fv2%2Ftags&post=34470"}],"curies":[{"name":"wp","href":"https:\/\/api.w.org\/{rel}","templated":true}]}}