{"id":34636,"date":"2023-07-07T23:03:52","date_gmt":"2023-07-08T03:03:52","guid":{"rendered":"http:\/\/elradar.info\/?p=34636"},"modified":"2024-02-01T12:09:51","modified_gmt":"2024-02-01T16:09:51","slug":"busto-de-marmol-griego-es-hallado-en-roma","status":"publish","type":"post","link":"https:\/\/elradar.info\/?p=34636","title":{"rendered":"BUSTO DE M\u00c1RMOL GRIEGO ES HALLADO EN ROMA"},"content":{"rendered":"\n<p>En la plaza Augusto Imperatore de Roma se encontr\u00f3 un busto de m\u00e1rmol griego que pudiera datar de la \u00e9poca del primer emperador Augusto.<\/p>\n\n\n\n<p>La cabeza de m\u00e1rmol fue desenterrada por un obrero en plena obra en el centro hist\u00f3rico de Roma, en las inmediaciones de la &#8220;remodelaci\u00f3n del Mausoleo de Augusto y de la plaza Augusto Imperatore\u201d<\/p>\n\n\n\n<p>El personaje de escultura no ha sido identificado, pero se especula que se trata de alguna divinidad femenina como la Diosa Afrodita, seg\u00fan coment\u00f3 el Superintendente Romano de Cultura, Claudio Parisi Presicce, quien se encarga de gestionar y mantener el valor hist\u00f3rico de la arqueolog\u00eda de Roma.<\/p>\n\n\n\n<p>El hallazgo fue informado v\u00eda Twitter por la Alcald\u00eda romana de Roberto Gualteri.<\/p>\n\n\n\n<p><em>&#8220;#Roma sigue devolviendo preciosas pruebas de su pasado: una espl\u00e9ndida cabeza de m\u00e1rmol intacta fue encontrada durante las obras en la plaza Augusto Imperatore atendidas por la @Sovrintendenza&#8221;.<\/em><\/p>\n\n\n\n<p>El busto se encontr\u00f3 en perfecto estado pese a que hab\u00eda sido reutilizado como material de construcci\u00f3n en los cimientos de una muralla que data de mucho tiempo despu\u00e9s que el busto. Esa pr\u00e1ctica era acostumbrada en la antig\u00fcedad y permit\u00eda conservar las obras en perfecto estado, como es el caso de esta pieza de m\u00e1rmol conseguida, que descansaba boca abajo encima de un banco de arcilla.<\/p>\n","protected":false},"excerpt":{"rendered":"<p>En la plaza Augusto Imperatore de Roma se encontr\u00f3 un busto de m\u00e1rmol griego que pudiera datar de la \u00e9poca del primer emperador Augusto. La cabeza de m\u00e1rmol fue desenterrada por un obrero en plena obra en el centro hist\u00f3rico de Roma, en las inmediaciones de la &#8220;remodelaci\u00f3n del Mausoleo de Augusto y de la plaza Augusto Imperatore\u201d El personaje de escultura no ha sido identificado, pero se especula que se trata de alguna divinidad femenina como la Diosa Afrodita, seg\u00fan coment\u00f3 el Superintendente Romano de Cultura, Claudio Parisi Presicce, quien se encarga de gestionar y mantener el valor hist\u00f3rico<\/p>\n","protected":false},"author":2,"featured_media":34639,"comment_status":"closed","ping_status":"open","sticky":false,"template":"","format":"standard","meta":{"_seopress_robots_primary_cat":"127","_seopress_titles_title":"","_seopress_titles_desc":"","_seopress_robots_index":"","_jetpack_memberships_contains_paid_content":false,"footnotes":""},"categories":[127,107],"tags":[141,315,6023,4725],"class_list":["post-34636","post","type-post","status-publish","format-standard","has-post-thumbnail","hentry","category-cultura","category-internacional","tag-cultura","tag-historia","tag-marmol-griego","tag-roma"],"jetpack_featured_media_url":"https:\/\/elradar.info\/wp-content\/uploads\/2023\/07\/cabeza-romana-de-marmol.jpg","jetpack_sharing_enabled":true,"amp_enabled":true,"_links":{"self":[{"href":"https:\/\/elradar.info\/index.php?rest_route=\/wp\/v2\/posts\/34636","targetHints":{"allow":["GET"]}}],"collection":[{"href":"https:\/\/elradar.info\/index.php?rest_route=\/wp\/v2\/posts"}],"about":[{"href":"https:\/\/elradar.info\/index.php?rest_route=\/wp\/v2\/types\/post"}],"author":[{"embeddable":true,"href":"https:\/\/elradar.info\/index.php?rest_route=\/wp\/v2\/users\/2"}],"replies":[{"embeddable":true,"href":"https:\/\/elradar.info\/index.php?rest_route=%2Fwp%2Fv2%2Fcomments&post=34636"}],"version-history":[{"count":1,"href":"https:\/\/elradar.info\/index.php?rest_route=\/wp\/v2\/posts\/34636\/revisions"}],"predecessor-version":[{"id":34640,"href":"https:\/\/elradar.info\/index.php?rest_route=\/wp\/v2\/posts\/34636\/revisions\/34640"}],"wp:featuredmedia":[{"embeddable":true,"href":"https:\/\/elradar.info\/index.php?rest_route=\/wp\/v2\/media\/34639"}],"wp:attachment":[{"href":"https:\/\/elradar.info\/index.php?rest_route=%2Fwp%2Fv2%2Fmedia&parent=34636"}],"wp:term":[{"taxonomy":"category","embeddable":true,"href":"https:\/\/elradar.info\/index.php?rest_route=%2Fwp%2Fv2%2Fcategories&post=34636"},{"taxonomy":"post_tag","embeddable":true,"href":"https:\/\/elradar.info\/index.php?rest_route=%2Fwp%2Fv2%2Ftags&post=34636"}],"curies":[{"name":"wp","href":"https:\/\/api.w.org\/{rel}","templated":true}]}}