{"id":34655,"date":"2023-07-13T21:15:04","date_gmt":"2023-07-14T01:15:04","guid":{"rendered":"http:\/\/elradar.info\/?p=34655"},"modified":"2024-02-01T12:09:50","modified_gmt":"2024-02-01T16:09:50","slug":"se-extiende-vacaciones-invernales-hasta-el-24-de-julio","status":"publish","type":"post","link":"https:\/\/elradar.info\/?p=34655","title":{"rendered":"SE EXTIENDE VACACIONES INVERNALES HASTA EL 24 DE JULIO"},"content":{"rendered":"\n<p>El Ministerio de Educaci\u00f3n emiti\u00f3 un comunicado donde inform\u00f3 la decisi\u00f3n de extender las vacaciones invernales de los estudiantes en todo el pa\u00eds hasta el pr\u00f3ximo 24 de julio. Medida que se tom\u00f3 luego que el Ministerio de Salud y Deportes presentara un informe donde se report\u00f3 el aumento de las infecciones respiratorias.<\/p>\n\n\n\n<p>La medida busca salvaguardar la salud de los estudiantes evitando las enfermedades respiratorias y la propagaci\u00f3n de virus en medio de las bajas temperaturas que se est\u00e1n presentando en el pa\u00eds. Adem\u00e1s, se notific\u00f3 la llegada de un frente fr\u00edo para la pr\u00f3xima semana.<\/p>\n\n\n\n<p>La Ministra de Salud y Deportes, Mar\u00eda Ren\u00e9e Castro inform\u00f3 que Bolivia se encuentra actualmente en una sindemia, que significa la presencia de una o m\u00e1s epidemias en simult\u00e1neo en el pa\u00eds.<em> \u201cNo solo est\u00e1 circulando el Covid, sino tambi\u00e9n influenza y otros virus respiratorios, especialmente el virus sincitial respiratorio\u201d <\/em>explic\u00f3 la Ministra.<\/p>\n","protected":false},"excerpt":{"rendered":"<p>El Ministerio de Educaci\u00f3n emiti\u00f3 un comunicado donde inform\u00f3 la decisi\u00f3n de extender las vacaciones invernales de los estudiantes en todo el pa\u00eds hasta el pr\u00f3ximo 24 de julio. Medida que se tom\u00f3 luego que el Ministerio de Salud y Deportes presentara un informe donde se report\u00f3 el aumento de las infecciones respiratorias. La medida busca salvaguardar la salud de los estudiantes evitando las enfermedades respiratorias y la propagaci\u00f3n de virus en medio de las bajas temperaturas que se est\u00e1n presentando en el pa\u00eds. Adem\u00e1s, se notific\u00f3 la llegada de un frente fr\u00edo para la pr\u00f3xima semana. La Ministra de<\/p>\n","protected":false},"author":2,"featured_media":34658,"comment_status":"closed","ping_status":"open","sticky":false,"template":"","format":"standard","meta":{"_seopress_robots_primary_cat":"none","_seopress_titles_title":"","_seopress_titles_desc":"","_seopress_robots_index":"","_jetpack_memberships_contains_paid_content":false,"footnotes":""},"categories":[103,201],"tags":[531,398,2706],"class_list":["post-34655","post","type-post","status-publish","format-standard","has-post-thumbnail","hentry","category-nacional","category-salud","tag-ministerio-de-educacion","tag-ministerio-de-salud-y-deportes","tag-vacaciones-invernales"],"jetpack_featured_media_url":"https:\/\/elradar.info\/wp-content\/uploads\/2023\/07\/ministros-salud-y-educacion-1.jpg","jetpack_sharing_enabled":true,"amp_enabled":true,"_links":{"self":[{"href":"https:\/\/elradar.info\/index.php?rest_route=\/wp\/v2\/posts\/34655","targetHints":{"allow":["GET"]}}],"collection":[{"href":"https:\/\/elradar.info\/index.php?rest_route=\/wp\/v2\/posts"}],"about":[{"href":"https:\/\/elradar.info\/index.php?rest_route=\/wp\/v2\/types\/post"}],"author":[{"embeddable":true,"href":"https:\/\/elradar.info\/index.php?rest_route=\/wp\/v2\/users\/2"}],"replies":[{"embeddable":true,"href":"https:\/\/elradar.info\/index.php?rest_route=%2Fwp%2Fv2%2Fcomments&post=34655"}],"version-history":[{"count":1,"href":"https:\/\/elradar.info\/index.php?rest_route=\/wp\/v2\/posts\/34655\/revisions"}],"predecessor-version":[{"id":34659,"href":"https:\/\/elradar.info\/index.php?rest_route=\/wp\/v2\/posts\/34655\/revisions\/34659"}],"wp:featuredmedia":[{"embeddable":true,"href":"https:\/\/elradar.info\/index.php?rest_route=\/wp\/v2\/media\/34658"}],"wp:attachment":[{"href":"https:\/\/elradar.info\/index.php?rest_route=%2Fwp%2Fv2%2Fmedia&parent=34655"}],"wp:term":[{"taxonomy":"category","embeddable":true,"href":"https:\/\/elradar.info\/index.php?rest_route=%2Fwp%2Fv2%2Fcategories&post=34655"},{"taxonomy":"post_tag","embeddable":true,"href":"https:\/\/elradar.info\/index.php?rest_route=%2Fwp%2Fv2%2Ftags&post=34655"}],"curies":[{"name":"wp","href":"https:\/\/api.w.org\/{rel}","templated":true}]}}