{"id":34691,"date":"2023-06-19T01:27:52","date_gmt":"2023-06-19T05:27:52","guid":{"rendered":"http:\/\/elradar.info\/?p=34691"},"modified":"2024-02-01T12:09:52","modified_gmt":"2024-02-01T16:09:52","slug":"13-medicos-profesionales-fortalecen-el-servicio-de-oncologia-boliviano","status":"publish","type":"post","link":"https:\/\/elradar.info\/?p=34691","title":{"rendered":"13 M\u00c9DICOS PROFESIONALES FORTALECEN EL SERVICIO DE ONCOLOG\u00cdA BOLIVIANO"},"content":{"rendered":"\n<p>El presidente Arce instruy\u00f3 a la Ministra de Salud y Deportes Mar\u00eda Ren\u00e9e Castro entregar 13 \u00edtems a m\u00e9dicos a especialistas en oncolog\u00eda para fortalecer el servicio de oncolog\u00eda cl\u00ednica y brindar una atenci\u00f3n de calidad a los pacientes con c\u00e1ncer.<\/p>\n\n\n\n<p>El grupo de especialistas incluye onc\u00f3logos cl\u00ednicos, paliativistas, una psic\u00f3loga, un m\u00e9dico para el servicio de oncolog\u00eda quir\u00fargica, enfermeras, especialistas en radioterapia, un especialista en radioncolog\u00eda, entre otros.<\/p>\n\n\n\n<p>Los pacientes con c\u00e1ncer en Bolivia tienen acceso a tratamientos gratuitos en los Centros de Medicina Nuclear y Radioterapia de El Alto y Santa Cruz, lo que signific\u00f3 una inversi\u00f3n para el Estado de 150 millones de d\u00f3lares.<\/p>\n\n\n\n<p>La Ministra de Salud y Deportes destac\u00f3 la importancia de la incorporaci\u00f3n de estos m\u00e9dicos profesionales como parte de la estrategia del gobierno para combatir el c\u00e1ncer de manera efectiva.<\/p>\n\n\n\n<p>Por su parte, la Asociaci\u00f3n de Pacientes y Familiares con C\u00e1ncer expres\u00f3 su agradecimiento por los nuevos m\u00e9dicos disponibles.<\/p>\n","protected":false},"excerpt":{"rendered":"<p>El presidente Arce instruy\u00f3 a la Ministra de Salud y Deportes Mar\u00eda Ren\u00e9e Castro entregar 13 \u00edtems a m\u00e9dicos a especialistas en oncolog\u00eda para fortalecer el servicio de oncolog\u00eda cl\u00ednica y brindar una atenci\u00f3n de calidad a los pacientes con c\u00e1ncer. El grupo de especialistas incluye onc\u00f3logos cl\u00ednicos, paliativistas, una psic\u00f3loga, un m\u00e9dico para el servicio de oncolog\u00eda quir\u00fargica, enfermeras, especialistas en radioterapia, un especialista en radioncolog\u00eda, entre otros. Los pacientes con c\u00e1ncer en Bolivia tienen acceso a tratamientos gratuitos en los Centros de Medicina Nuclear y Radioterapia de El Alto y Santa Cruz, lo que signific\u00f3 una inversi\u00f3n para<\/p>\n","protected":false},"author":2,"featured_media":34694,"comment_status":"closed","ping_status":"open","sticky":false,"template":"","format":"standard","meta":{"_seopress_robots_primary_cat":"201","_seopress_titles_title":"","_seopress_titles_desc":"","_seopress_robots_index":"","_jetpack_memberships_contains_paid_content":false,"footnotes":""},"categories":[201],"tags":[785,398,6035],"class_list":["post-34691","post","type-post","status-publish","format-standard","has-post-thumbnail","hentry","category-salud","tag-items","tag-ministerio-de-salud-y-deportes","tag-oncologia"],"jetpack_featured_media_url":"https:\/\/elradar.info\/wp-content\/uploads\/2023\/07\/Castro-Ministra-de-Salud-y-Deportes-1.jpg","jetpack_sharing_enabled":true,"amp_enabled":true,"_links":{"self":[{"href":"https:\/\/elradar.info\/index.php?rest_route=\/wp\/v2\/posts\/34691","targetHints":{"allow":["GET"]}}],"collection":[{"href":"https:\/\/elradar.info\/index.php?rest_route=\/wp\/v2\/posts"}],"about":[{"href":"https:\/\/elradar.info\/index.php?rest_route=\/wp\/v2\/types\/post"}],"author":[{"embeddable":true,"href":"https:\/\/elradar.info\/index.php?rest_route=\/wp\/v2\/users\/2"}],"replies":[{"embeddable":true,"href":"https:\/\/elradar.info\/index.php?rest_route=%2Fwp%2Fv2%2Fcomments&post=34691"}],"version-history":[{"count":2,"href":"https:\/\/elradar.info\/index.php?rest_route=\/wp\/v2\/posts\/34691\/revisions"}],"predecessor-version":[{"id":34702,"href":"https:\/\/elradar.info\/index.php?rest_route=\/wp\/v2\/posts\/34691\/revisions\/34702"}],"wp:featuredmedia":[{"embeddable":true,"href":"https:\/\/elradar.info\/index.php?rest_route=\/wp\/v2\/media\/34694"}],"wp:attachment":[{"href":"https:\/\/elradar.info\/index.php?rest_route=%2Fwp%2Fv2%2Fmedia&parent=34691"}],"wp:term":[{"taxonomy":"category","embeddable":true,"href":"https:\/\/elradar.info\/index.php?rest_route=%2Fwp%2Fv2%2Fcategories&post=34691"},{"taxonomy":"post_tag","embeddable":true,"href":"https:\/\/elradar.info\/index.php?rest_route=%2Fwp%2Fv2%2Ftags&post=34691"}],"curies":[{"name":"wp","href":"https:\/\/api.w.org\/{rel}","templated":true}]}}