{"id":34750,"date":"2023-06-26T12:54:21","date_gmt":"2023-06-26T16:54:21","guid":{"rendered":"http:\/\/elradar.info\/?p=34750"},"modified":"2024-02-01T12:09:51","modified_gmt":"2024-02-01T16:09:51","slug":"consejo-interinstitucional-por-la-ninez-para-combatir-violencia-en-los-colegios","status":"publish","type":"post","link":"https:\/\/elradar.info\/?p=34750","title":{"rendered":"CONSEJO INTERINSTITUCIONAL POR LA NI\u00d1EZ PARA COMBATIR VIOLENCIA EN LOS COLEGIOS"},"content":{"rendered":"\n<p>Se anunci\u00f3 la creaci\u00f3n del Comit\u00e9 Interinstitucional para la Protecci\u00f3n de la Juventud en Bolivia para evitar los casos de violencia de las que pueden ser v\u00edctimas las ni\u00f1as, ni\u00f1os y adolescentes en Bolivia. El comit\u00e9 pretende enfocar de manera conjunta las acciones tendientes a asegurar la protecci\u00f3n y el bienestar de los estudiantes.<\/p>\n\n\n\n<p>El comit\u00e9 est\u00e1 conformado por el Ministerio de Educaci\u00f3n, Justicia y Salud, junto a representantes de organizaciones de padres de familia, instituciones educativas y l\u00edderes estudiantiles.<\/p>\n\n\n\n<p>El objetivo principal es abordar de manera conjunta y colaborativa la protecci\u00f3n y bienestar de los estudiantes, desde la prevenci\u00f3n, protecci\u00f3n y generaci\u00f3n de espacios seguros.<\/p>\n\n\n\n<p>La primera reuni\u00f3n del Comit\u00e9 ser\u00e1 el pr\u00f3ximo 6 de julio donde se analizar\u00e1n las propuestas de los diferentes actores y organizaciones.<\/p>\n","protected":false},"excerpt":{"rendered":"<p>Se anunci\u00f3 la creaci\u00f3n del Comit\u00e9 Interinstitucional para la Protecci\u00f3n de la Juventud en Bolivia para evitar los casos de violencia de las que pueden ser v\u00edctimas las ni\u00f1as, ni\u00f1os y adolescentes en Bolivia. El comit\u00e9 pretende enfocar de manera conjunta las acciones tendientes a asegurar la protecci\u00f3n y el bienestar de los estudiantes. El comit\u00e9 est\u00e1 conformado por el Ministerio de Educaci\u00f3n, Justicia y Salud, junto a representantes de organizaciones de padres de familia, instituciones educativas y l\u00edderes estudiantiles. El objetivo principal es abordar de manera conjunta y colaborativa la protecci\u00f3n y bienestar de los estudiantes, desde la prevenci\u00f3n,<\/p>\n","protected":false},"author":2,"featured_media":0,"comment_status":"closed","ping_status":"open","sticky":false,"template":"","format":"standard","meta":{"_seopress_robots_primary_cat":"none","_seopress_titles_title":"","_seopress_titles_desc":"","_seopress_robots_index":"","_jetpack_memberships_contains_paid_content":false,"footnotes":""},"categories":[103],"tags":[109,531,830],"class_list":["post-34750","post","type-post","status-publish","format-standard","hentry","category-nacional","tag-bolivia","tag-ministerio-de-educacion","tag-ministerio-de-justicia"],"jetpack_featured_media_url":"","jetpack_sharing_enabled":true,"amp_enabled":true,"_links":{"self":[{"href":"https:\/\/elradar.info\/index.php?rest_route=\/wp\/v2\/posts\/34750","targetHints":{"allow":["GET"]}}],"collection":[{"href":"https:\/\/elradar.info\/index.php?rest_route=\/wp\/v2\/posts"}],"about":[{"href":"https:\/\/elradar.info\/index.php?rest_route=\/wp\/v2\/types\/post"}],"author":[{"embeddable":true,"href":"https:\/\/elradar.info\/index.php?rest_route=\/wp\/v2\/users\/2"}],"replies":[{"embeddable":true,"href":"https:\/\/elradar.info\/index.php?rest_route=%2Fwp%2Fv2%2Fcomments&post=34750"}],"version-history":[{"count":1,"href":"https:\/\/elradar.info\/index.php?rest_route=\/wp\/v2\/posts\/34750\/revisions"}],"predecessor-version":[{"id":34754,"href":"https:\/\/elradar.info\/index.php?rest_route=\/wp\/v2\/posts\/34750\/revisions\/34754"}],"wp:attachment":[{"href":"https:\/\/elradar.info\/index.php?rest_route=%2Fwp%2Fv2%2Fmedia&parent=34750"}],"wp:term":[{"taxonomy":"category","embeddable":true,"href":"https:\/\/elradar.info\/index.php?rest_route=%2Fwp%2Fv2%2Fcategories&post=34750"},{"taxonomy":"post_tag","embeddable":true,"href":"https:\/\/elradar.info\/index.php?rest_route=%2Fwp%2Fv2%2Ftags&post=34750"}],"curies":[{"name":"wp","href":"https:\/\/api.w.org\/{rel}","templated":true}]}}