{"id":34766,"date":"2023-06-29T11:13:00","date_gmt":"2023-06-29T15:13:00","guid":{"rendered":"http:\/\/elradar.info\/?p=34766"},"modified":"2024-02-01T12:09:51","modified_gmt":"2024-02-01T16:09:51","slug":"14-heridos-por-accidentes-en-la-autopista-la-paz-el-alto","status":"publish","type":"post","link":"https:\/\/elradar.info\/?p=34766","title":{"rendered":"14 HERIDOS POR ACCIDENTES EN LA AUTOPISTA LA PAZ\u2013EL ALTO"},"content":{"rendered":"\n<p>14 personas resultaron heridas la tarde del 28 de junio en la autopista La Paz-El Alto luego de que sucedieran 2 accidentes que generaron gran congesti\u00f3n vehicular.<\/p>\n\n\n\n<p>Las circunstancias en las que ocurrieron los accidentes contin\u00faan no esclarecidas. A\u00fan contin\u00faan las investigaciones por parte de la Polic\u00eda de Tr\u00e1nsito para esclarecer los hechos.<\/p>\n\n\n\n<p>Los heridos fueron trasladados al Hospital Municipal La Portada y a la cl\u00ednica San Salvador de la ciudad de El Alto para recibir atenci\u00f3n m\u00e9dica de emergencia por sus m\u00faltiples lesiones.<\/p>\n","protected":false},"excerpt":{"rendered":"<p>14 personas resultaron heridas la tarde del 28 de junio en la autopista La Paz-El Alto luego de que sucedieran 2 accidentes que generaron gran congesti\u00f3n vehicular. Las circunstancias en las que ocurrieron los accidentes contin\u00faan no esclarecidas. A\u00fan contin\u00faan las investigaciones por parte de la Polic\u00eda de Tr\u00e1nsito para esclarecer los hechos. Los heridos fueron trasladados al Hospital Municipal La Portada y a la cl\u00ednica San Salvador de la ciudad de El Alto para recibir atenci\u00f3n m\u00e9dica de emergencia por sus m\u00faltiples lesiones.<\/p>\n","protected":false},"author":2,"featured_media":34769,"comment_status":"closed","ping_status":"open","sticky":false,"template":"","format":"standard","meta":{"_seopress_robots_primary_cat":"103","_seopress_titles_title":"","_seopress_titles_desc":"","_seopress_robots_index":"","_jetpack_memberships_contains_paid_content":false,"footnotes":""},"categories":[103],"tags":[401,293,6047],"class_list":["post-34766","post","type-post","status-publish","format-standard","has-post-thumbnail","hentry","category-nacional","tag-el-alto","tag-la-paz","tag-policia-de-transito"],"jetpack_featured_media_url":"https:\/\/elradar.info\/wp-content\/uploads\/2023\/07\/Carretera-La-Paz-ElAlto.jpg","jetpack_sharing_enabled":true,"amp_enabled":true,"_links":{"self":[{"href":"https:\/\/elradar.info\/index.php?rest_route=\/wp\/v2\/posts\/34766","targetHints":{"allow":["GET"]}}],"collection":[{"href":"https:\/\/elradar.info\/index.php?rest_route=\/wp\/v2\/posts"}],"about":[{"href":"https:\/\/elradar.info\/index.php?rest_route=\/wp\/v2\/types\/post"}],"author":[{"embeddable":true,"href":"https:\/\/elradar.info\/index.php?rest_route=\/wp\/v2\/users\/2"}],"replies":[{"embeddable":true,"href":"https:\/\/elradar.info\/index.php?rest_route=%2Fwp%2Fv2%2Fcomments&post=34766"}],"version-history":[{"count":1,"href":"https:\/\/elradar.info\/index.php?rest_route=\/wp\/v2\/posts\/34766\/revisions"}],"predecessor-version":[{"id":34770,"href":"https:\/\/elradar.info\/index.php?rest_route=\/wp\/v2\/posts\/34766\/revisions\/34770"}],"wp:featuredmedia":[{"embeddable":true,"href":"https:\/\/elradar.info\/index.php?rest_route=\/wp\/v2\/media\/34769"}],"wp:attachment":[{"href":"https:\/\/elradar.info\/index.php?rest_route=%2Fwp%2Fv2%2Fmedia&parent=34766"}],"wp:term":[{"taxonomy":"category","embeddable":true,"href":"https:\/\/elradar.info\/index.php?rest_route=%2Fwp%2Fv2%2Fcategories&post=34766"},{"taxonomy":"post_tag","embeddable":true,"href":"https:\/\/elradar.info\/index.php?rest_route=%2Fwp%2Fv2%2Ftags&post=34766"}],"curies":[{"name":"wp","href":"https:\/\/api.w.org\/{rel}","templated":true}]}}