{"id":34830,"date":"2023-07-29T21:48:00","date_gmt":"2023-07-30T01:48:00","guid":{"rendered":"http:\/\/elradar.info\/?p=34830"},"modified":"2024-02-01T12:09:50","modified_gmt":"2024-02-01T16:09:50","slug":"10-mil-bailarines-en-la-entrada-universitaria-2023","status":"publish","type":"post","link":"https:\/\/elradar.info\/?p=34830","title":{"rendered":"10 MIL BAILARINES EN LA ENTRADA UNIVERSITARIA 2023"},"content":{"rendered":"\n<p>Este s\u00e1bado 29, las calles principales del centro pace\u00f1o se llenaron de juventud y alegr\u00eda con la <strong>XXXIV<\/strong> entrada folkl\u00f3rica universitaria.<\/p>\n\n\n\n<p>Con un clima nublado y fr\u00edo, 62 fraternidades, 3 grupos invitados y 10 mil bailarines entre estudiantes, docentes y personal administrativo de la Universidad Mayor de San Andr\u00e9s inundaron las calles de la Paz desde las 8:00 horas de la ma\u00f1ana hasta aproximadamente las 18:00 horas de la tarde. El evento cont\u00f3 con la presencia del rector de la UMSA, \u00d3scar Heredia, el alcalde de La Paz, Iv\u00e1n Arias, entre otras autoridades.<\/p>\n\n\n\n<p>El recorrido fue desde la avenida Montes hasta la intersecci\u00f3n de las calles Bueno y Camacho, donde se ubic\u00f3 el palco principal y se pudieron apreciar bailarines de llamerada, morenada, caporales, tinku, auqui auqui, chacareras, tarqueada, tobas, saya afroboliviana, chobenas, pujllay, sicuri, diablada, y salay.<\/p>\n","protected":false},"excerpt":{"rendered":"<p>Este s\u00e1bado 29, las calles principales del centro pace\u00f1o se llenaron de juventud y alegr\u00eda con la XXXIV entrada folkl\u00f3rica universitaria. Con un clima nublado y fr\u00edo, 62 fraternidades, 3 grupos invitados y 10 mil bailarines entre estudiantes, docentes y personal administrativo de la Universidad Mayor de San Andr\u00e9s inundaron las calles de la Paz desde las 8:00 horas de la ma\u00f1ana hasta aproximadamente las 18:00 horas de la tarde. El evento cont\u00f3 con la presencia del rector de la UMSA, \u00d3scar Heredia, el alcalde de La Paz, Iv\u00e1n Arias, entre otras autoridades. El recorrido fue desde la avenida Montes<\/p>\n","protected":false},"author":2,"featured_media":34833,"comment_status":"closed","ping_status":"open","sticky":false,"template":"","format":"standard","meta":{"_seopress_robots_primary_cat":"127","_seopress_titles_title":"","_seopress_titles_desc":"","_seopress_robots_index":"","_jetpack_memberships_contains_paid_content":false,"footnotes":""},"categories":[127],"tags":[4803,293],"class_list":["post-34830","post","type-post","status-publish","format-standard","has-post-thumbnail","hentry","category-cultura","tag-entrada-universitaria","tag-la-paz"],"jetpack_featured_media_url":"https:\/\/elradar.info\/wp-content\/uploads\/2023\/08\/entrada-universitaria.jpg","jetpack_sharing_enabled":true,"amp_enabled":true,"_links":{"self":[{"href":"https:\/\/elradar.info\/index.php?rest_route=\/wp\/v2\/posts\/34830","targetHints":{"allow":["GET"]}}],"collection":[{"href":"https:\/\/elradar.info\/index.php?rest_route=\/wp\/v2\/posts"}],"about":[{"href":"https:\/\/elradar.info\/index.php?rest_route=\/wp\/v2\/types\/post"}],"author":[{"embeddable":true,"href":"https:\/\/elradar.info\/index.php?rest_route=\/wp\/v2\/users\/2"}],"replies":[{"embeddable":true,"href":"https:\/\/elradar.info\/index.php?rest_route=%2Fwp%2Fv2%2Fcomments&post=34830"}],"version-history":[{"count":1,"href":"https:\/\/elradar.info\/index.php?rest_route=\/wp\/v2\/posts\/34830\/revisions"}],"predecessor-version":[{"id":34834,"href":"https:\/\/elradar.info\/index.php?rest_route=\/wp\/v2\/posts\/34830\/revisions\/34834"}],"wp:featuredmedia":[{"embeddable":true,"href":"https:\/\/elradar.info\/index.php?rest_route=\/wp\/v2\/media\/34833"}],"wp:attachment":[{"href":"https:\/\/elradar.info\/index.php?rest_route=%2Fwp%2Fv2%2Fmedia&parent=34830"}],"wp:term":[{"taxonomy":"category","embeddable":true,"href":"https:\/\/elradar.info\/index.php?rest_route=%2Fwp%2Fv2%2Fcategories&post=34830"},{"taxonomy":"post_tag","embeddable":true,"href":"https:\/\/elradar.info\/index.php?rest_route=%2Fwp%2Fv2%2Ftags&post=34830"}],"curies":[{"name":"wp","href":"https:\/\/api.w.org\/{rel}","templated":true}]}}