{"id":34842,"date":"2023-07-31T09:17:55","date_gmt":"2023-07-31T13:17:55","guid":{"rendered":"http:\/\/elradar.info\/?p=34842"},"modified":"2024-02-01T12:09:50","modified_gmt":"2024-02-01T16:09:50","slug":"fin-de-la-emergencia-sanitaria-covid19-e-inicio-de-alerta-epidemiologica-nacional","status":"publish","type":"post","link":"https:\/\/elradar.info\/?p=34842","title":{"rendered":"FIN DE LA EMERGENCIA SANITARIA COVID19 E INICIO DE ALERTA EPIDEMIOL\u00d3GICA NACIONAL"},"content":{"rendered":"\n<p>Este 31 de julio del 2023, el gobierno boliviano anunci\u00f3 el fin de la emergencia sanitaria por COVID19 explicando que ahora nos encontramos en <strong><em>Alerta Epidemiol\u00f3gica Nacional<\/em><\/strong> lo que implica un levantamiento de las medidas de bioseguridad, pero con un llamado general al uso preventivo y voluntario del barbijo, lavado permanente de manos y continua desinfecci\u00f3n personal y de ambientes con alcohol, especialmente en lugares cerrados y cuando exista presencia de sintom\u00e1ticos respiratorios.<\/p>\n\n\n\n<p>Sin embargo, tanto en colegios como en establecimientos de salud, el uso del barbijo y las dem\u00e1s medidas de bioseguridad seguir\u00e1n siendo obligatorias. De igual forma, se contin\u00faa incentivando la vacunaci\u00f3n contra el COVID19 para todos los grupos etarios, as\u00ed como la aplicaci\u00f3n de las dem\u00e1s vacunas que prevengan enfermedades por Infecciones Respiratorias Agudas, Graves y Enfermedades Tipo Influenza.<\/p>\n\n\n\n<p>Luego de atravesar 6 olas de pandemia y cobrar miles de vidas, se lograron administrar alrededor de 15 millones de dosis de vacunas, que reflejan un 69% de la poblaci\u00f3n boliviana inmunizada, y que han permitido que actualmente se pueda pasar a una nueva realidad ajustada a las necesidades epidemiol\u00f3gicas actuales de Bolivia.<\/p>\n","protected":false},"excerpt":{"rendered":"<p>Este 31 de julio del 2023, el gobierno boliviano anunci\u00f3 el fin de la emergencia sanitaria por COVID19 explicando que ahora nos encontramos en Alerta Epidemiol\u00f3gica Nacional lo que implica un levantamiento de las medidas de bioseguridad, pero con un llamado general al uso preventivo y voluntario del barbijo, lavado permanente de manos y continua desinfecci\u00f3n personal y de ambientes con alcohol, especialmente en lugares cerrados y cuando exista presencia de sintom\u00e1ticos respiratorios. Sin embargo, tanto en colegios como en establecimientos de salud, el uso del barbijo y las dem\u00e1s medidas de bioseguridad seguir\u00e1n siendo obligatorias. De igual forma, se<\/p>\n","protected":false},"author":2,"featured_media":34845,"comment_status":"closed","ping_status":"open","sticky":false,"template":"","format":"standard","meta":{"_seopress_robots_primary_cat":"201","_seopress_titles_title":"","_seopress_titles_desc":"","_seopress_robots_index":"","_jetpack_memberships_contains_paid_content":false,"footnotes":""},"categories":[103,201],"tags":[109,398],"class_list":["post-34842","post","type-post","status-publish","format-standard","has-post-thumbnail","hentry","category-nacional","category-salud","tag-bolivia","tag-ministerio-de-salud-y-deportes"],"jetpack_featured_media_url":"https:\/\/elradar.info\/wp-content\/uploads\/2023\/08\/Alerta-Epidemiologica-Nacional.jpg","jetpack_sharing_enabled":true,"amp_enabled":true,"_links":{"self":[{"href":"https:\/\/elradar.info\/index.php?rest_route=\/wp\/v2\/posts\/34842","targetHints":{"allow":["GET"]}}],"collection":[{"href":"https:\/\/elradar.info\/index.php?rest_route=\/wp\/v2\/posts"}],"about":[{"href":"https:\/\/elradar.info\/index.php?rest_route=\/wp\/v2\/types\/post"}],"author":[{"embeddable":true,"href":"https:\/\/elradar.info\/index.php?rest_route=\/wp\/v2\/users\/2"}],"replies":[{"embeddable":true,"href":"https:\/\/elradar.info\/index.php?rest_route=%2Fwp%2Fv2%2Fcomments&post=34842"}],"version-history":[{"count":1,"href":"https:\/\/elradar.info\/index.php?rest_route=\/wp\/v2\/posts\/34842\/revisions"}],"predecessor-version":[{"id":34846,"href":"https:\/\/elradar.info\/index.php?rest_route=\/wp\/v2\/posts\/34842\/revisions\/34846"}],"wp:featuredmedia":[{"embeddable":true,"href":"https:\/\/elradar.info\/index.php?rest_route=\/wp\/v2\/media\/34845"}],"wp:attachment":[{"href":"https:\/\/elradar.info\/index.php?rest_route=%2Fwp%2Fv2%2Fmedia&parent=34842"}],"wp:term":[{"taxonomy":"category","embeddable":true,"href":"https:\/\/elradar.info\/index.php?rest_route=%2Fwp%2Fv2%2Fcategories&post=34842"},{"taxonomy":"post_tag","embeddable":true,"href":"https:\/\/elradar.info\/index.php?rest_route=%2Fwp%2Fv2%2Ftags&post=34842"}],"curies":[{"name":"wp","href":"https:\/\/api.w.org\/{rel}","templated":true}]}}