{"id":34894,"date":"2023-08-21T15:32:00","date_gmt":"2023-08-21T19:32:00","guid":{"rendered":"http:\/\/elradar.info\/?p=34894"},"modified":"2024-02-01T12:09:50","modified_gmt":"2024-02-01T16:09:50","slug":"prada-rechaza-acusaciones-de-morales-sobre-participacion-del-gobierno-en-violencia-y-lo-insta-a-presentar-prubas","status":"publish","type":"post","link":"https:\/\/elradar.info\/?p=34894","title":{"rendered":"PRADA RECHAZA ACUSACIONES DE MORALES SOBRE PARTICIPACI\u00d3N DEL GOBIERNO EN VIOLENCIA Y LO INSTA A PRESENTAR PRUBAS"},"content":{"rendered":"\n<p>Mar\u00eda Nela Prada, Ministra de la Presidencia del Estado Plurinacional de Bolivia, deslegitim\u00f3 las acusaciones de Evo Morales contra el presidente Luis Arce sobre una presunta instrucci\u00f3n para que operadores pol\u00edticos del Gobierno y la Polic\u00eda cometan un intento de atentado criminal en contra de los asistentes al Congreso de la Confederaci\u00f3n Sindical \u00danica de Trabajadores Campesinos de Bolivia (CSUTCB) en El Alto.<\/p>\n\n\n\n<p>Morales acus\u00f3 al actual Presidente de Bolivia de generar violencia sistem\u00e1tica durante el evento con el fin de sabotearlo.<\/p>\n\n\n\n<p>Al respecto, la Ministra dijo: <em>\u201cConsidero muy irresponsable realizar este tipo de declaraciones sin presentar ninguna prueba, instamos justamente a que, ante las instancias correspondientes, se presenten las denuncias con las pruebas antes de se\u00f1alar este tipo de temerarias acusaciones\u201d.<\/em><\/p>\n\n\n\n<p>En la Casa Grande del Pueblo, a trav\u00e9s de un comunicado, y en nombre del Gobierno Nacional, Prada neg\u00f3 las acusaciones de Morales, enfatiz\u00f3 la necesidad de presentar pruebas antes de hacer acusaciones tan graves y reiter\u00f3 el compromiso del Gobierno Nacional con la unidad y la democracia interna.<\/p>\n\n\n\n<p>Prada, en nombre del Gobierno Nacional, defendi\u00f3 la vida org\u00e1nica de las organizaciones sociales, denunci\u00f3 la violencia que ciertos grupos intentan incitar durante congresos como el de las bartolinas en Tarija y el Congreso del MAS IPSP en Santa Cruz, y rechaz\u00f3 la idea que las organizaciones sociales sean manipuladas con dinero, calificando de falsas estas acusaciones.<\/p>\n","protected":false},"excerpt":{"rendered":"<p>Mar\u00eda Nela Prada, Ministra de la Presidencia del Estado Plurinacional de Bolivia, deslegitim\u00f3 las acusaciones de Evo Morales contra el presidente Luis Arce sobre una presunta instrucci\u00f3n para que operadores pol\u00edticos del Gobierno y la Polic\u00eda cometan un intento de atentado criminal en contra de los asistentes al Congreso de la Confederaci\u00f3n Sindical \u00danica de Trabajadores Campesinos de Bolivia (CSUTCB) en El Alto. Morales acus\u00f3 al actual Presidente de Bolivia de generar violencia sistem\u00e1tica durante el evento con el fin de sabotearlo. Al respecto, la Ministra dijo: \u201cConsidero muy irresponsable realizar este tipo de declaraciones sin presentar ninguna prueba, instamos<\/p>\n","protected":false},"author":2,"featured_media":34897,"comment_status":"closed","ping_status":"open","sticky":false,"template":"","format":"standard","meta":{"_seopress_robots_primary_cat":"none","_seopress_titles_title":"","_seopress_titles_desc":"","_seopress_robots_index":"","_jetpack_memberships_contains_paid_content":false,"footnotes":""},"categories":[103],"tags":[1142,155,120],"class_list":["post-34894","post","type-post","status-publish","format-standard","has-post-thumbnail","hentry","category-nacional","tag-csutcb","tag-evo-morales","tag-luis-arce-catacora"],"jetpack_featured_media_url":"https:\/\/elradar.info\/wp-content\/uploads\/2023\/08\/Prada-Ministra-de-la-Presidencia.jpg","jetpack_sharing_enabled":true,"amp_enabled":true,"_links":{"self":[{"href":"https:\/\/elradar.info\/index.php?rest_route=\/wp\/v2\/posts\/34894","targetHints":{"allow":["GET"]}}],"collection":[{"href":"https:\/\/elradar.info\/index.php?rest_route=\/wp\/v2\/posts"}],"about":[{"href":"https:\/\/elradar.info\/index.php?rest_route=\/wp\/v2\/types\/post"}],"author":[{"embeddable":true,"href":"https:\/\/elradar.info\/index.php?rest_route=\/wp\/v2\/users\/2"}],"replies":[{"embeddable":true,"href":"https:\/\/elradar.info\/index.php?rest_route=%2Fwp%2Fv2%2Fcomments&post=34894"}],"version-history":[{"count":1,"href":"https:\/\/elradar.info\/index.php?rest_route=\/wp\/v2\/posts\/34894\/revisions"}],"predecessor-version":[{"id":34898,"href":"https:\/\/elradar.info\/index.php?rest_route=\/wp\/v2\/posts\/34894\/revisions\/34898"}],"wp:featuredmedia":[{"embeddable":true,"href":"https:\/\/elradar.info\/index.php?rest_route=\/wp\/v2\/media\/34897"}],"wp:attachment":[{"href":"https:\/\/elradar.info\/index.php?rest_route=%2Fwp%2Fv2%2Fmedia&parent=34894"}],"wp:term":[{"taxonomy":"category","embeddable":true,"href":"https:\/\/elradar.info\/index.php?rest_route=%2Fwp%2Fv2%2Fcategories&post=34894"},{"taxonomy":"post_tag","embeddable":true,"href":"https:\/\/elradar.info\/index.php?rest_route=%2Fwp%2Fv2%2Ftags&post=34894"}],"curies":[{"name":"wp","href":"https:\/\/api.w.org\/{rel}","templated":true}]}}