{"id":34949,"date":"2023-09-01T12:50:42","date_gmt":"2023-09-01T16:50:42","guid":{"rendered":"http:\/\/elradar.info\/?p=34949"},"modified":"2024-02-01T12:09:49","modified_gmt":"2024-02-01T16:09:49","slug":"bloqueo-del-4-de-septiembre-representara-perdida-de-115-millones-de-dolares","status":"publish","type":"post","link":"https:\/\/elradar.info\/?p=34949","title":{"rendered":"BLOQUEO DEL 4 DE SEPTIEMBRE REPRESENTAR\u00c1 P\u00c9RDIDA DE 115 MILLONES DE D\u00d3LARES"},"content":{"rendered":"\n<p>Dirigentes de organizaciones simpatizantes de Evo Morales anunciaron el pasado mi\u00e9rcoles la creaci\u00f3n de otro Pacto de Unidad, argumentando la necesidad de \u201csalvar a Bolivia\u201d; mientras la dirigencia de la Confederaci\u00f3n Sindical \u00danica de Trabajadores Campesinos de Bolivia (CSUTCB) tild\u00f3 de \u201cilegal\u201d la posible conformaci\u00f3n de otro Pacto de Unidad.<\/p>\n\n\n\n<p>Esto, en el contexto de la amenaza por parte del grupo evista que reclama la Direcci\u00f3n Ejecutiva de la CSUTCB de realizar un bloqueo de caminos desde el 4 de septiembre como medida de presi\u00f3n para exigir el reconocimiento del Gobierno Nacional y que este le entregue la sede de la Paz de la CSUTCB, actualmente en poder de Lucio Quispe el Ejecutivo de la organizaci\u00f3n social, alineado con el \u201cala arcista\u201d del MAS.<\/p>\n\n\n\n<p>El bloqueo est\u00e1 convocado para iniciar el lunes a partir de las 0 horas , y a\u00fan no se tiene conocimiento de donde se realizar\u00e1n los puntos de protesta \u201cpor estrategia\u201d de sus organizadores, sin embargo se precis\u00f3 que <em>\u201clos bloqueos se van a desarrollar en la jurisdicci\u00f3n del movimiento campesino\u201d.<\/em><\/p>\n\n\n\n<p>Lucio Quispe, representante de la CSUTCB, rechaz\u00f3 el anuncio del bloqueo convocado para el 4 de septiembre, declarando que: \u201cNo hay ning\u00fan bloqueo convocado en estos momentos, vivimos con nuestro sudor d\u00eda a d\u00eda y no queremos perjudicar a nuestros hermanos.\u201d<\/p>\n\n\n\n<p>Al respecto, el Gobierno Nacional resalt\u00f3 con preocupaci\u00f3n que cada d\u00eda de protesta se traduce una p\u00e9rdida econ\u00f3mica de 115 millones de d\u00f3lares.<\/p>\n","protected":false},"excerpt":{"rendered":"<p>Dirigentes de organizaciones simpatizantes de Evo Morales anunciaron el pasado mi\u00e9rcoles la creaci\u00f3n de otro Pacto de Unidad, argumentando la necesidad de \u201csalvar a Bolivia\u201d; mientras la dirigencia de la Confederaci\u00f3n Sindical \u00danica de Trabajadores Campesinos de Bolivia (CSUTCB) tild\u00f3 de \u201cilegal\u201d la posible conformaci\u00f3n de otro Pacto de Unidad. Esto, en el contexto de la amenaza por parte del grupo evista que reclama la Direcci\u00f3n Ejecutiva de la CSUTCB de realizar un bloqueo de caminos desde el 4 de septiembre como medida de presi\u00f3n para exigir el reconocimiento del Gobierno Nacional y que este le entregue la sede de<\/p>\n","protected":false},"author":2,"featured_media":34953,"comment_status":"closed","ping_status":"open","sticky":false,"template":"","format":"standard","meta":{"_seopress_robots_primary_cat":"103","_seopress_titles_title":"","_seopress_titles_desc":"","_seopress_robots_index":"","_jetpack_memberships_contains_paid_content":false,"footnotes":""},"categories":[103],"tags":[571,1142,6074],"class_list":["post-34949","post","type-post","status-publish","format-standard","has-post-thumbnail","hentry","category-nacional","tag-bloqueos","tag-csutcb","tag-lucio-quispe"],"jetpack_featured_media_url":"https:\/\/elradar.info\/wp-content\/uploads\/2023\/09\/CSUTCB-Lucio-Quispe.jpg","jetpack_sharing_enabled":true,"amp_enabled":true,"_links":{"self":[{"href":"https:\/\/elradar.info\/index.php?rest_route=\/wp\/v2\/posts\/34949","targetHints":{"allow":["GET"]}}],"collection":[{"href":"https:\/\/elradar.info\/index.php?rest_route=\/wp\/v2\/posts"}],"about":[{"href":"https:\/\/elradar.info\/index.php?rest_route=\/wp\/v2\/types\/post"}],"author":[{"embeddable":true,"href":"https:\/\/elradar.info\/index.php?rest_route=\/wp\/v2\/users\/2"}],"replies":[{"embeddable":true,"href":"https:\/\/elradar.info\/index.php?rest_route=%2Fwp%2Fv2%2Fcomments&post=34949"}],"version-history":[{"count":2,"href":"https:\/\/elradar.info\/index.php?rest_route=\/wp\/v2\/posts\/34949\/revisions"}],"predecessor-version":[{"id":34955,"href":"https:\/\/elradar.info\/index.php?rest_route=\/wp\/v2\/posts\/34949\/revisions\/34955"}],"wp:featuredmedia":[{"embeddable":true,"href":"https:\/\/elradar.info\/index.php?rest_route=\/wp\/v2\/media\/34953"}],"wp:attachment":[{"href":"https:\/\/elradar.info\/index.php?rest_route=%2Fwp%2Fv2%2Fmedia&parent=34949"}],"wp:term":[{"taxonomy":"category","embeddable":true,"href":"https:\/\/elradar.info\/index.php?rest_route=%2Fwp%2Fv2%2Fcategories&post=34949"},{"taxonomy":"post_tag","embeddable":true,"href":"https:\/\/elradar.info\/index.php?rest_route=%2Fwp%2Fv2%2Ftags&post=34949"}],"curies":[{"name":"wp","href":"https:\/\/api.w.org\/{rel}","templated":true}]}}