{"id":34963,"date":"2023-09-06T16:33:00","date_gmt":"2023-09-06T20:33:00","guid":{"rendered":"http:\/\/elradar.info\/?p=34963"},"modified":"2024-02-01T12:09:49","modified_gmt":"2024-02-01T16:09:49","slug":"bebes-deben-recibir-vacuna-pentavalente-a-sus-6-semanas-por-tosferina","status":"publish","type":"post","link":"https:\/\/elradar.info\/?p=34963","title":{"rendered":"BEB\u00c9S DEBEN RECIBIR VACUNA PENTAVALENTE A SUS 6 SEMANAS POR TOSFERINA"},"content":{"rendered":"\n<p>El Ministerio de Salud y Deportes inform\u00f3 que el actual brote de tosferina en el pa\u00eds registra m\u00e1s de 800 casos, de los cuales el 63% corresponden a ni\u00f1os menores de 5 a\u00f1os. En ese contexto, se registraron 8 fallecidos, entre los que se encuentran beb\u00e9s de 4 meses de edad.<\/p>\n\n\n\n<p>La totalidad de los casos de tosferina se encuentran en Santa Cruz (846), Beni (43) y Chuquisaca (4)<\/p>\n\n\n\n<p>El Ministerio de Salud y Deportes recomend\u00f3 que los ni\u00f1os inicien su vacunaci\u00f3n a partir de las seis semanas (mes y medio), para disminuir el riesgo de contraer la tosferina o coqueluche, para lo cual el Ministerio imparti\u00f3 log\u00edstica a los SEDES, de manera tal que se cuenten con las vacunas para aplicar la primera dosis, y luego se pueda continuar a las 10 semanas con la segunda dosis; y a las 14 semanas con la tercera dosis.<\/p>\n\n\n\n<p>De igual forma, enfatizaron que la decisi\u00f3n de vacunar la tienen los padres, pero que se garantizaba que la vacuna es segura y confiable para su aplicaci\u00f3n en reci\u00e9n nacidos.<\/p>\n","protected":false},"excerpt":{"rendered":"<p>El Ministerio de Salud y Deportes inform\u00f3 que el actual brote de tosferina en el pa\u00eds registra m\u00e1s de 800 casos, de los cuales el 63% corresponden a ni\u00f1os menores de 5 a\u00f1os. En ese contexto, se registraron 8 fallecidos, entre los que se encuentran beb\u00e9s de 4 meses de edad. La totalidad de los casos de tosferina se encuentran en Santa Cruz (846), Beni (43) y Chuquisaca (4) El Ministerio de Salud y Deportes recomend\u00f3 que los ni\u00f1os inicien su vacunaci\u00f3n a partir de las seis semanas (mes y medio), para disminuir el riesgo de contraer la tosferina o<\/p>\n","protected":false},"author":2,"featured_media":34966,"comment_status":"closed","ping_status":"open","sticky":false,"template":"","format":"standard","meta":{"_seopress_robots_primary_cat":"201","_seopress_titles_title":"","_seopress_titles_desc":"","_seopress_robots_index":"","_jetpack_memberships_contains_paid_content":false,"footnotes":""},"categories":[201],"tags":[398,2129,5313],"class_list":["post-34963","post","type-post","status-publish","format-standard","has-post-thumbnail","hentry","category-salud","tag-ministerio-de-salud-y-deportes","tag-sedes","tag-tosferina"],"jetpack_featured_media_url":"https:\/\/elradar.info\/wp-content\/uploads\/2023\/09\/Foto-Ministerio-de-Salud-y-Deportes-Vacunacion-de-bebes-contra-tosferina.jpg","jetpack_sharing_enabled":true,"amp_enabled":true,"_links":{"self":[{"href":"https:\/\/elradar.info\/index.php?rest_route=\/wp\/v2\/posts\/34963","targetHints":{"allow":["GET"]}}],"collection":[{"href":"https:\/\/elradar.info\/index.php?rest_route=\/wp\/v2\/posts"}],"about":[{"href":"https:\/\/elradar.info\/index.php?rest_route=\/wp\/v2\/types\/post"}],"author":[{"embeddable":true,"href":"https:\/\/elradar.info\/index.php?rest_route=\/wp\/v2\/users\/2"}],"replies":[{"embeddable":true,"href":"https:\/\/elradar.info\/index.php?rest_route=%2Fwp%2Fv2%2Fcomments&post=34963"}],"version-history":[{"count":1,"href":"https:\/\/elradar.info\/index.php?rest_route=\/wp\/v2\/posts\/34963\/revisions"}],"predecessor-version":[{"id":34973,"href":"https:\/\/elradar.info\/index.php?rest_route=\/wp\/v2\/posts\/34963\/revisions\/34973"}],"wp:featuredmedia":[{"embeddable":true,"href":"https:\/\/elradar.info\/index.php?rest_route=\/wp\/v2\/media\/34966"}],"wp:attachment":[{"href":"https:\/\/elradar.info\/index.php?rest_route=%2Fwp%2Fv2%2Fmedia&parent=34963"}],"wp:term":[{"taxonomy":"category","embeddable":true,"href":"https:\/\/elradar.info\/index.php?rest_route=%2Fwp%2Fv2%2Fcategories&post=34963"},{"taxonomy":"post_tag","embeddable":true,"href":"https:\/\/elradar.info\/index.php?rest_route=%2Fwp%2Fv2%2Ftags&post=34963"}],"curies":[{"name":"wp","href":"https:\/\/api.w.org\/{rel}","templated":true}]}}