{"id":35138,"date":"2023-11-30T00:02:00","date_gmt":"2023-11-30T04:02:00","guid":{"rendered":"http:\/\/elradar.info\/?p=35138"},"modified":"2024-02-01T12:09:48","modified_gmt":"2024-02-01T16:09:48","slug":"se-amplia-la-inspeccion-tecnica-vehicular-hasta-el-30-de-diciembre","status":"publish","type":"post","link":"https:\/\/elradar.info\/?p=35138","title":{"rendered":"SE AMPL\u00cdA LA INSPECCI\u00d3N T\u00c9CNICA VEHICULAR HASTA EL 30 DE DICIEMBRE"},"content":{"rendered":"\n<p>La Polic\u00eda Boliviana anunci\u00f3 este jueves 30 de noviembre de 2023 que se ampliar\u00e1 la Inspecci\u00f3n T\u00e9cnica Veh\u00edcular (ITV) por un mes m\u00e1s, hasta el 30 diciembre. As\u00ed lo confirm\u00f3 en conferencia de prensa Rolando Ra\u00fal Rojas, Director Nacional de Fiscalizaci\u00f3n y Recaudaciones.<\/p>\n\n\n\n<p>Esta ampliaci\u00f3n tiene como consecuencia que no se aplicar\u00e1 ninguna multa por falta de inspecci\u00f3n, hasta el 30 de diciembre de este a\u00f1o.<\/p>\n\n\n\n<p>Rojas precis\u00f3: <em>\u201cEs importante recalcar que en este periodo de ampliaci\u00f3n no se involucra el pago de ninguna sanci\u00f3n pecuniaria. Las personas pueden acudir de manera pronta y oportuna sin ninguna susceptibilidad\u201d.<\/em><\/p>\n\n\n\n<p>Seg\u00fan la Direcci\u00f3n Nacional de Fiscalizaci\u00f3n y Recaudaci\u00f3n de la Polic\u00eda Boliviana, los datos preliminares arrojan que se ha realizado la inspecci\u00f3n a&nbsp;829.980 veh\u00edculos en todo el pa\u00eds.<\/p>\n\n\n\n<p>Hasta el 30 de diciembre del 2023, 151 puntos de inspecci\u00f3n seguir\u00e1n funcionando los siete d\u00edas de la semana, verificando las\u00a0partes mec\u00e1nicas, el\u00e9ctricas, est\u00e9ticas y de seguridad de los carros.<\/p>\n\n\n\n<p>Para realizar la inspecci\u00f3n, se solicitan los siguientes requisitos:<\/p>\n\n\n\n<ol class=\"wp-block-list\">\n<li>No tener multas de gestiones anteriores por falta inspecci\u00f3n, o multas por infracci\u00f3n de tr\u00e1nsito.<\/li>\n\n\n\n<li>Pago por el costo de servicio.<\/li>\n\n\n\n<li>Documentaci\u00f3n que acredite propiedad del veh\u00edculo inspeccionado.<\/li>\n\n\n\n<li>Documentaci\u00f3n de identificaci\u00f3n personal del conductor.<\/li>\n<\/ol>\n","protected":false},"excerpt":{"rendered":"<p>La Polic\u00eda Boliviana anunci\u00f3 este jueves 30 de noviembre de 2023 que se ampliar\u00e1 la Inspecci\u00f3n T\u00e9cnica Veh\u00edcular (ITV) por un mes m\u00e1s, hasta el 30 diciembre. As\u00ed lo confirm\u00f3 en conferencia de prensa Rolando Ra\u00fal Rojas, Director Nacional de Fiscalizaci\u00f3n y Recaudaciones. Esta ampliaci\u00f3n tiene como consecuencia que no se aplicar\u00e1 ninguna multa por falta de inspecci\u00f3n, hasta el 30 de diciembre de este a\u00f1o. Rojas precis\u00f3: \u201cEs importante recalcar que en este periodo de ampliaci\u00f3n no se involucra el pago de ninguna sanci\u00f3n pecuniaria. Las personas pueden acudir de manera pronta y oportuna sin ninguna susceptibilidad\u201d. Seg\u00fan la<\/p>\n","protected":false},"author":2,"featured_media":35141,"comment_status":"closed","ping_status":"open","sticky":false,"template":"","format":"standard","meta":{"_seopress_robots_primary_cat":"103","_seopress_titles_title":"","_seopress_titles_desc":"","_seopress_robots_index":"","_jetpack_memberships_contains_paid_content":false,"footnotes":""},"categories":[103],"tags":[109,3965,1169],"class_list":["post-35138","post","type-post","status-publish","format-standard","has-post-thumbnail","hentry","category-nacional","tag-bolivia","tag-inspeccion-tecnica-vehicular","tag-policia-boliviana"],"jetpack_featured_media_url":"https:\/\/elradar.info\/wp-content\/uploads\/2023\/11\/Inspeccion-tecnica-vehicular-Foto-ABI.jpeg","jetpack_sharing_enabled":true,"amp_enabled":true,"_links":{"self":[{"href":"https:\/\/elradar.info\/index.php?rest_route=\/wp\/v2\/posts\/35138","targetHints":{"allow":["GET"]}}],"collection":[{"href":"https:\/\/elradar.info\/index.php?rest_route=\/wp\/v2\/posts"}],"about":[{"href":"https:\/\/elradar.info\/index.php?rest_route=\/wp\/v2\/types\/post"}],"author":[{"embeddable":true,"href":"https:\/\/elradar.info\/index.php?rest_route=\/wp\/v2\/users\/2"}],"replies":[{"embeddable":true,"href":"https:\/\/elradar.info\/index.php?rest_route=%2Fwp%2Fv2%2Fcomments&post=35138"}],"version-history":[{"count":2,"href":"https:\/\/elradar.info\/index.php?rest_route=\/wp\/v2\/posts\/35138\/revisions"}],"predecessor-version":[{"id":35143,"href":"https:\/\/elradar.info\/index.php?rest_route=\/wp\/v2\/posts\/35138\/revisions\/35143"}],"wp:featuredmedia":[{"embeddable":true,"href":"https:\/\/elradar.info\/index.php?rest_route=\/wp\/v2\/media\/35141"}],"wp:attachment":[{"href":"https:\/\/elradar.info\/index.php?rest_route=%2Fwp%2Fv2%2Fmedia&parent=35138"}],"wp:term":[{"taxonomy":"category","embeddable":true,"href":"https:\/\/elradar.info\/index.php?rest_route=%2Fwp%2Fv2%2Fcategories&post=35138"},{"taxonomy":"post_tag","embeddable":true,"href":"https:\/\/elradar.info\/index.php?rest_route=%2Fwp%2Fv2%2Ftags&post=35138"}],"curies":[{"name":"wp","href":"https:\/\/api.w.org\/{rel}","templated":true}]}}