{"id":35191,"date":"2023-12-12T09:00:00","date_gmt":"2023-12-12T13:00:00","guid":{"rendered":"http:\/\/elradar.info\/?p=35191"},"modified":"2024-02-01T12:09:47","modified_gmt":"2024-02-01T16:09:47","slug":"se-realizo-feria-y-taller-seminario-de-medicina-tradicional-en-el-alto","status":"publish","type":"post","link":"https:\/\/elradar.info\/?p=35191","title":{"rendered":"SE REALIZ\u00d3 FERIA Y TALLER SEMINARIO DE MEDICINA TRADICIONAL EN EL ALTO"},"content":{"rendered":"\n<p>El pasado viernes, en las instalaciones del auditorio del Jach\u00b4a Uta, en la Alcald\u00eda de El Alto, se realiz\u00f3 una feria y un taller seminario sobre medicina tradicional para <em>\u201crevalorizar toda nuestra cultura ancestral en el \u00e1rea de salud\u201d<\/em> seg\u00fan explic\u00f3 el secretario de Salud Sa\u00fal Calder\u00f3n.<\/p>\n\n\n\n<p>Desde la perspectiva de reconocer a la medicina tradicional como parte de los derechos colectivos reconocidos dentro de la Constituci\u00f3n Pol\u00edtica del Estado Boliviano, durante el encuentro se tocaron temas sobre enfermedades y plantas medicinales, sus efectos terap\u00e9uticos; la medicina tradicional como identidad en el municipio alte\u00f1o; terapia intercultural; el retorno del Sarawi; cosmovisi\u00f3n; y filosof\u00eda Qullana, etc\u00e9tera.<\/p>\n\n\n\n<p>El evento llevado a cabo por la gesti\u00f3n de la Alcaldesa Eva Copa, cont\u00f3 con la presencia de m\u00e9dicos tradicionales, gu\u00edas espirituales, naturistas y parteras, quienes intercambiaron pr\u00e1cticas y saberes durante el encuentro.<\/p>\n\n\n\n<p>El Amawt&#8217;a Roberto Guerrero presidente de la Asociaci\u00f3n de Medicina Tradicional (Asimtrabol) agradeci\u00f3 a la Alcaldesa Copa, por llevar adelante el evento.<\/p>\n\n\n\n<p>Actualmente, El Alto se cuenta con 5 redes de salud del municipio disponibles para atender a la poblaci\u00f3n.<\/p>\n","protected":false},"excerpt":{"rendered":"<p>El pasado viernes, en las instalaciones del auditorio del Jach\u00b4a Uta, en la Alcald\u00eda de El Alto, se realiz\u00f3 una feria y un taller seminario sobre medicina tradicional para \u201crevalorizar toda nuestra cultura ancestral en el \u00e1rea de salud\u201d seg\u00fan explic\u00f3 el secretario de Salud Sa\u00fal Calder\u00f3n. Desde la perspectiva de reconocer a la medicina tradicional como parte de los derechos colectivos reconocidos dentro de la Constituci\u00f3n Pol\u00edtica del Estado Boliviano, durante el encuentro se tocaron temas sobre enfermedades y plantas medicinales, sus efectos terap\u00e9uticos; la medicina tradicional como identidad en el municipio alte\u00f1o; terapia intercultural; el retorno del Sarawi;<\/p>\n","protected":false},"author":2,"featured_media":35194,"comment_status":"closed","ping_status":"open","sticky":false,"template":"","format":"standard","meta":{"_seopress_robots_primary_cat":"201","_seopress_titles_title":"","_seopress_titles_desc":"","_seopress_robots_index":"","_jetpack_memberships_contains_paid_content":false,"footnotes":""},"categories":[201],"tags":[401,274,4407],"class_list":["post-35191","post","type-post","status-publish","format-standard","has-post-thumbnail","hentry","category-salud","tag-el-alto","tag-eva-copa","tag-medicina-tradicional"],"jetpack_featured_media_url":"https:\/\/elradar.info\/wp-content\/uploads\/2023\/12\/Seminariol-de-Medicina-tradicional-en-El-Alto-Foto-GAMEA.jpg","jetpack_sharing_enabled":true,"amp_enabled":true,"_links":{"self":[{"href":"https:\/\/elradar.info\/index.php?rest_route=\/wp\/v2\/posts\/35191","targetHints":{"allow":["GET"]}}],"collection":[{"href":"https:\/\/elradar.info\/index.php?rest_route=\/wp\/v2\/posts"}],"about":[{"href":"https:\/\/elradar.info\/index.php?rest_route=\/wp\/v2\/types\/post"}],"author":[{"embeddable":true,"href":"https:\/\/elradar.info\/index.php?rest_route=\/wp\/v2\/users\/2"}],"replies":[{"embeddable":true,"href":"https:\/\/elradar.info\/index.php?rest_route=%2Fwp%2Fv2%2Fcomments&post=35191"}],"version-history":[{"count":1,"href":"https:\/\/elradar.info\/index.php?rest_route=\/wp\/v2\/posts\/35191\/revisions"}],"predecessor-version":[{"id":35195,"href":"https:\/\/elradar.info\/index.php?rest_route=\/wp\/v2\/posts\/35191\/revisions\/35195"}],"wp:featuredmedia":[{"embeddable":true,"href":"https:\/\/elradar.info\/index.php?rest_route=\/wp\/v2\/media\/35194"}],"wp:attachment":[{"href":"https:\/\/elradar.info\/index.php?rest_route=%2Fwp%2Fv2%2Fmedia&parent=35191"}],"wp:term":[{"taxonomy":"category","embeddable":true,"href":"https:\/\/elradar.info\/index.php?rest_route=%2Fwp%2Fv2%2Fcategories&post=35191"},{"taxonomy":"post_tag","embeddable":true,"href":"https:\/\/elradar.info\/index.php?rest_route=%2Fwp%2Fv2%2Ftags&post=35191"}],"curies":[{"name":"wp","href":"https:\/\/api.w.org\/{rel}","templated":true}]}}