{"id":35204,"date":"2023-12-14T10:36:00","date_gmt":"2023-12-14T14:36:00","guid":{"rendered":"http:\/\/elradar.info\/?p=35204"},"modified":"2024-02-01T12:09:47","modified_gmt":"2024-02-01T16:09:47","slug":"venezuela-y-guyana-sostienen-reunion-de-alto-nivel-sobre-el-territorio-esequibo","status":"publish","type":"post","link":"https:\/\/elradar.info\/?p=35204","title":{"rendered":"VENEZUELA Y GUYANA SOSTIENEN REUNI\u00d3N DE ALTO NIVEL SOBRE EL TERRITORIO ESEQUIBO"},"content":{"rendered":"\n<p>San Vicente y las Granadinas es el escenario que recibe a los presidentes Nicol\u00e1s Maduro, de Venezuela, y Mohamed Irfaan Ali de Guyana, en una reuni\u00f3n promovida por la Comunidad de Estados Latinoamericanos y del Caribe (CELAC) y la Comunidad del Caribe (CARICOM).<\/p>\n\n\n\n<p>La reuni\u00f3n busca acercar las posturas \u2013hasta ahora- irreconciliables entre ambos pa\u00edses sobre el territorio Esequibo, que es historicamente reclamado por Caracas y actualmente se encuentra bajo la administraci\u00f3n de Georgetown.<\/p>\n\n\n\n<p>El encuentro est\u00e1 siendo promovido por la Comunidad de Estados Latinoamericanos y del Caribe (CELAC) y la Comunidad del Caribe (CARICOM), luego de la escalada en las declaraciones que se realizaron referente al tema por parte de los mandatarios de ambos pa\u00edses.<\/p>\n\n\n\n<p>Se espera que la reuni\u00f3n ayude a acercar las posiciones antag\u00f3nicas que tienen ambos pa\u00edses. Mientras Maduro plante\u00f3 esta reuni\u00f3n como un \u201cgran logro\u201d porque va a &#8220;abordar de manera directa la controversia territorial&#8221;, su homologo Irfaan Ali sostuvo que no est\u00e1 en agenda la disputa y que \u00e9sta debe ser dirimida por la Corte Internacional de Justicia (CIJ), cuya jurisdicci\u00f3n no es reconocida por el gobierno venezolano.<\/p>\n\n\n\n<p>El territorio se encuentra en disputa desde 1899 hasta la actualidad. Sin embargo, el conflicto ha tomado relevancia recientemente, en especial luego de que el pasado 3 de diciembre en Venezuela se realizara un referendo consultivo, donde se aprob\u00f3 crear un nuevo departamento y otrorgarle nacionalidad a sus habitantes. El presidente de Guyana calific\u00f3 la consulta como &#8220;una amenaza directa&#8221; a Guyana por parte de Venezuela.<\/p>\n\n\n\n<p>El Esequibo es una zona de 160.000 km2 que contiene abundantes recursos naturales. En 2015, ExxonMobil descubri\u00f3 por primera vez una importante reserva de petr\u00f3leo costa afuera en el Esequibo, lo que llam\u00f3 la atenci\u00f3n de Venezuela cuya estatal petrolera ya enfrentaba una dura crisis en su capacidad de exploraci\u00f3n y explotaci\u00f3n, adem\u00e1s de una depresi\u00f3n econ\u00f3mica generalizada en el pa\u00eds agravada por los deprimidos precios internacionales del petr\u00f3leo del momento. &nbsp;<\/p>\n\n\n\n<p>Para el 2019 ExxonMobil ya estaba produciendo petr\u00f3leo al punto que convirtieron a Guyana en el cuarto mayor productor de petr\u00f3leo costa fuera del mundo. Actualmente la producci\u00f3n diaria es de aprox 380.000 barriles de crudo y se espera que aumente en los pr\u00f3ximos a\u00f1os a 800.000 barriles por d\u00eda. Las operaciones petroleras generan cerca de 1.000 millones de d\u00f3lares al a\u00f1o. Para el primer semestre de este a\u00f1o la econom\u00eda de Guyana se expandi\u00f3 casi en un 60%.<\/p>\n","protected":false},"excerpt":{"rendered":"<p>San Vicente y las Granadinas es el escenario que recibe a los presidentes Nicol\u00e1s Maduro, de Venezuela, y Mohamed Irfaan Ali de Guyana, en una reuni\u00f3n promovida por la Comunidad de Estados Latinoamericanos y del Caribe (CELAC) y la Comunidad del Caribe (CARICOM). La reuni\u00f3n busca acercar las posturas \u2013hasta ahora- irreconciliables entre ambos pa\u00edses sobre el territorio Esequibo, que es historicamente reclamado por Caracas y actualmente se encuentra bajo la administraci\u00f3n de Georgetown. El encuentro est\u00e1 siendo promovido por la Comunidad de Estados Latinoamericanos y del Caribe (CELAC) y la Comunidad del Caribe (CARICOM), luego de la escalada en<\/p>\n","protected":false},"author":2,"featured_media":35207,"comment_status":"closed","ping_status":"open","sticky":false,"template":"","format":"standard","meta":{"_seopress_robots_primary_cat":"107","_seopress_titles_title":"","_seopress_titles_desc":"","_seopress_robots_index":"","_jetpack_memberships_contains_paid_content":false,"footnotes":""},"categories":[107],"tags":[6108,3422,6107,6106,134],"class_list":["post-35204","post","type-post","status-publish","format-standard","has-post-thumbnail","hentry","category-internacional","tag-caricom","tag-celac","tag-esequibo","tag-guyana","tag-venezuela"],"jetpack_featured_media_url":"https:\/\/elradar.info\/wp-content\/uploads\/2023\/12\/Conflicto-venezuela-guyana-Infografia-Marcelo-Regalado-infobae.jpg","jetpack_sharing_enabled":true,"amp_enabled":true,"_links":{"self":[{"href":"https:\/\/elradar.info\/index.php?rest_route=\/wp\/v2\/posts\/35204","targetHints":{"allow":["GET"]}}],"collection":[{"href":"https:\/\/elradar.info\/index.php?rest_route=\/wp\/v2\/posts"}],"about":[{"href":"https:\/\/elradar.info\/index.php?rest_route=\/wp\/v2\/types\/post"}],"author":[{"embeddable":true,"href":"https:\/\/elradar.info\/index.php?rest_route=\/wp\/v2\/users\/2"}],"replies":[{"embeddable":true,"href":"https:\/\/elradar.info\/index.php?rest_route=%2Fwp%2Fv2%2Fcomments&post=35204"}],"version-history":[{"count":1,"href":"https:\/\/elradar.info\/index.php?rest_route=\/wp\/v2\/posts\/35204\/revisions"}],"predecessor-version":[{"id":35208,"href":"https:\/\/elradar.info\/index.php?rest_route=\/wp\/v2\/posts\/35204\/revisions\/35208"}],"wp:featuredmedia":[{"embeddable":true,"href":"https:\/\/elradar.info\/index.php?rest_route=\/wp\/v2\/media\/35207"}],"wp:attachment":[{"href":"https:\/\/elradar.info\/index.php?rest_route=%2Fwp%2Fv2%2Fmedia&parent=35204"}],"wp:term":[{"taxonomy":"category","embeddable":true,"href":"https:\/\/elradar.info\/index.php?rest_route=%2Fwp%2Fv2%2Fcategories&post=35204"},{"taxonomy":"post_tag","embeddable":true,"href":"https:\/\/elradar.info\/index.php?rest_route=%2Fwp%2Fv2%2Ftags&post=35204"}],"curies":[{"name":"wp","href":"https:\/\/api.w.org\/{rel}","templated":true}]}}