{"id":35218,"date":"2023-12-15T09:11:58","date_gmt":"2023-12-15T13:11:58","guid":{"rendered":"http:\/\/elradar.info\/?p=35218"},"modified":"2024-02-01T12:09:47","modified_gmt":"2024-02-01T16:09:47","slug":"en-el-beni-se-inaugura-el-torneo-nacional-preinfantil-e-infantil-de-natacion","status":"publish","type":"post","link":"https:\/\/elradar.info\/?p=35218","title":{"rendered":"EN EL BENI SE INAUGURA EL TORNEO NACIONAL PREINFANTIL E INFANTIL DE NATACI\u00d3N"},"content":{"rendered":"\n<p>Este viernes, desde las 9 de la ma\u00f1ana, contin\u00faa el segundo d\u00eda del torneo nacional de nataci\u00f3n pre-infantil (7 a 9 a\u00f1os) e infantil (10 a 12 a\u00f1os), que se est\u00e1 realizando en la piscina ol\u00edmpica de Trinidad.<\/p>\n\n\n\n<p>La inauguraci\u00f3n del evento se realiz\u00f3 el jueves con la presencia del gobernador del Beni, Dr. Alejandro Unzueta Shiriqui y autoridades de la Federaci\u00f3n Boliviana de Nataci\u00f3n (FEBONA); y el torneo durar\u00e1 hasta este s\u00e1bado para que los deportistas visitantes y sus acompa\u00f1antes puedan conocer algunos lugares tur\u00edsticos de Trinidad.<\/p>\n\n\n\n<p>Al torneo asistieron los siguientes clubes: Atlantes de Sucre, Gigantes de Tarija, Go Fit de Santa Cruz, H\u00edpico de La Paz, Wilstermann de Cochabamba, y los anfitriones del campeonato: N\u00e1utico \u2018M\u00edster Daniel Fr\u00edas Vera\u2019, Titanes, Guerreros y Pira\u00f1as.<\/p>\n\n\n\n<p>Pedro Cervantes, de la Federaci\u00f3n Boliviana de Nataci\u00f3n (FEBONA), resalt\u00f3 la piscina ol\u00edmpica de Trinidad, que ya ha sido sede de varios campeonatos nacionales. Este ser\u00e1 el \u00faltimo campeonato del a\u00f1o organizado por el Servicio Departamental de Deportes del Beni (SEDEDE)<\/p>\n","protected":false},"excerpt":{"rendered":"<p>Este viernes, desde las 9 de la ma\u00f1ana, contin\u00faa el segundo d\u00eda del torneo nacional de nataci\u00f3n pre-infantil (7 a 9 a\u00f1os) e infantil (10 a 12 a\u00f1os), que se est\u00e1 realizando en la piscina ol\u00edmpica de Trinidad. La inauguraci\u00f3n del evento se realiz\u00f3 el jueves con la presencia del gobernador del Beni, Dr. Alejandro Unzueta Shiriqui y autoridades de la Federaci\u00f3n Boliviana de Nataci\u00f3n (FEBONA); y el torneo durar\u00e1 hasta este s\u00e1bado para que los deportistas visitantes y sus acompa\u00f1antes puedan conocer algunos lugares tur\u00edsticos de Trinidad. Al torneo asistieron los siguientes clubes: Atlantes de Sucre, Gigantes de Tarija,<\/p>\n","protected":false},"author":2,"featured_media":35221,"comment_status":"closed","ping_status":"open","sticky":false,"template":"","format":"standard","meta":{"_seopress_robots_primary_cat":"199","_seopress_titles_title":"","_seopress_titles_desc":"","_seopress_robots_index":"","_jetpack_memberships_contains_paid_content":false,"footnotes":""},"categories":[199],"tags":[254,364,3037,6113,2082],"class_list":["post-35218","post","type-post","status-publish","format-standard","has-post-thumbnail","hentry","category-deportes","tag-beni","tag-deportes","tag-sedede","tag-torneo-nacional-de-natacion","tag-trinidad"],"jetpack_featured_media_url":"https:\/\/elradar.info\/wp-content\/uploads\/2023\/12\/Torneo-nacional-preinfantil-e-infantil-de-natacion-en-el-Beni-Foto-SEDEDE.jpg","jetpack_sharing_enabled":true,"amp_enabled":true,"_links":{"self":[{"href":"https:\/\/elradar.info\/index.php?rest_route=\/wp\/v2\/posts\/35218","targetHints":{"allow":["GET"]}}],"collection":[{"href":"https:\/\/elradar.info\/index.php?rest_route=\/wp\/v2\/posts"}],"about":[{"href":"https:\/\/elradar.info\/index.php?rest_route=\/wp\/v2\/types\/post"}],"author":[{"embeddable":true,"href":"https:\/\/elradar.info\/index.php?rest_route=\/wp\/v2\/users\/2"}],"replies":[{"embeddable":true,"href":"https:\/\/elradar.info\/index.php?rest_route=%2Fwp%2Fv2%2Fcomments&post=35218"}],"version-history":[{"count":1,"href":"https:\/\/elradar.info\/index.php?rest_route=\/wp\/v2\/posts\/35218\/revisions"}],"predecessor-version":[{"id":35222,"href":"https:\/\/elradar.info\/index.php?rest_route=\/wp\/v2\/posts\/35218\/revisions\/35222"}],"wp:featuredmedia":[{"embeddable":true,"href":"https:\/\/elradar.info\/index.php?rest_route=\/wp\/v2\/media\/35221"}],"wp:attachment":[{"href":"https:\/\/elradar.info\/index.php?rest_route=%2Fwp%2Fv2%2Fmedia&parent=35218"}],"wp:term":[{"taxonomy":"category","embeddable":true,"href":"https:\/\/elradar.info\/index.php?rest_route=%2Fwp%2Fv2%2Fcategories&post=35218"},{"taxonomy":"post_tag","embeddable":true,"href":"https:\/\/elradar.info\/index.php?rest_route=%2Fwp%2Fv2%2Ftags&post=35218"}],"curies":[{"name":"wp","href":"https:\/\/api.w.org\/{rel}","templated":true}]}}