{"id":35361,"date":"2024-02-02T13:04:10","date_gmt":"2024-02-02T17:04:10","guid":{"rendered":"http:\/\/elradar.info\/?p=35361"},"modified":"2024-02-02T13:04:14","modified_gmt":"2024-02-02T17:04:14","slug":"evismo-y-oposicion-frenan-acuerdo-por-elecciones-judiciales","status":"publish","type":"post","link":"https:\/\/elradar.info\/?p=35361","title":{"rendered":"Evismo y oposici\u00f3n frenan acuerdo por elecciones judiciales"},"content":{"rendered":"\n<p> <p class=\"MsoNormal\" style=\"text-align:justify\">Informaci\u00f3n brindada por fuentes que siguen de cerca el avance del di\u00e1logo por las elecciones judiciales asegura que ya se lleg\u00f3 un consenso que permitir\u00eda el levantamiento de los bloqueos que asolan el pa\u00eds. Sin embargo, este acuerdo estar\u00eda siendo obstaculizado por legisladores evistas que incluyeron otros temas en la agenda, como la liberaci\u00f3n de presos pol\u00edticos, la imposibilidad de que ministros censurados regresen a ocupar su cargo y otros puntos que forman parte del acuerdo entre evistas y oposici\u00f3n, firmado este 6 de noviembre y gracias al cual Andr\u00f3nico Rodr\u00edguez pudo volver a ocupar la presidencia del senado.<\/p> <span style=\"font-size: revert; text-align: justify; color: initial;\">Esta inclusi\u00f3n de temas que no tienen que ver con las elecciones judiciales ni con la pr\u00f3rroga del mandato de los actuales magistrados fue interpretado como una suerte de \u201cchantaje\u201d que utiliza la tensi\u00f3n, muertes, p\u00e9rdidas econ\u00f3micas y otras consecuencias del bloqueo para conseguir la aprobaci\u00f3n de una agenda com\u00fan entre el evismo y la oposici\u00f3n. En este sentido, este pacto no estar\u00eda interesado en solucionar el conflicto.<\/span> <p class=\"MsoNormal\" style=\"text-align:justify\">En los once d\u00edas del bloqueo de caminos se lamentaron cuatro muertes y m\u00e1s de 700 millones de d\u00f3lares de p\u00e9rdida econ\u00f3mica para el pa\u00eds. Uno de los sectores m\u00e1s afectados fue el turismo, que pierde m\u00e1s de 7 millones de bolivianos por d\u00eda. <\/p> <\/p>\n","protected":false},"excerpt":{"rendered":"<p>Informaci\u00f3n brindada por fuentes que siguen de cerca el avance del di\u00e1logo por las elecciones judiciales asegura que ya se lleg\u00f3 un consenso que permitir\u00eda el levantamiento de los bloqueos que asolan el pa\u00eds. Sin embargo, este acuerdo estar\u00eda siendo obstaculizado por legisladores evistas que incluyeron otros temas en la agenda, como la liberaci\u00f3n de presos pol\u00edticos, la imposibilidad de que ministros censurados regresen a ocupar su cargo y otros puntos que forman parte del acuerdo entre evistas y oposici\u00f3n, firmado este 6 de noviembre y gracias al cual Andr\u00f3nico Rodr\u00edguez pudo volver a ocupar la presidencia del senado. Esta<\/p>\n","protected":false},"author":2,"featured_media":35365,"comment_status":"closed","ping_status":"closed","sticky":false,"template":"","format":"standard","meta":{"_seopress_robots_primary_cat":"none","_seopress_titles_title":"","_seopress_titles_desc":"","_seopress_robots_index":"","_jetpack_memberships_contains_paid_content":false,"footnotes":""},"categories":[103],"tags":[109,708],"class_list":["post-35361","post","type-post","status-publish","format-standard","has-post-thumbnail","hentry","category-nacional","tag-bolivia","tag-gobierno-nacional"],"jetpack_featured_media_url":"https:\/\/elradar.info\/wp-content\/uploads\/2024\/02\/reunion_101-8147000_20240201195122.jpg","jetpack_sharing_enabled":true,"amp_enabled":true,"_links":{"self":[{"href":"https:\/\/elradar.info\/index.php?rest_route=\/wp\/v2\/posts\/35361","targetHints":{"allow":["GET"]}}],"collection":[{"href":"https:\/\/elradar.info\/index.php?rest_route=\/wp\/v2\/posts"}],"about":[{"href":"https:\/\/elradar.info\/index.php?rest_route=\/wp\/v2\/types\/post"}],"author":[{"embeddable":true,"href":"https:\/\/elradar.info\/index.php?rest_route=\/wp\/v2\/users\/2"}],"replies":[{"embeddable":true,"href":"https:\/\/elradar.info\/index.php?rest_route=%2Fwp%2Fv2%2Fcomments&post=35361"}],"version-history":[{"count":1,"href":"https:\/\/elradar.info\/index.php?rest_route=\/wp\/v2\/posts\/35361\/revisions"}],"predecessor-version":[{"id":35366,"href":"https:\/\/elradar.info\/index.php?rest_route=\/wp\/v2\/posts\/35361\/revisions\/35366"}],"wp:featuredmedia":[{"embeddable":true,"href":"https:\/\/elradar.info\/index.php?rest_route=\/wp\/v2\/media\/35365"}],"wp:attachment":[{"href":"https:\/\/elradar.info\/index.php?rest_route=%2Fwp%2Fv2%2Fmedia&parent=35361"}],"wp:term":[{"taxonomy":"category","embeddable":true,"href":"https:\/\/elradar.info\/index.php?rest_route=%2Fwp%2Fv2%2Fcategories&post=35361"},{"taxonomy":"post_tag","embeddable":true,"href":"https:\/\/elradar.info\/index.php?rest_route=%2Fwp%2Fv2%2Ftags&post=35361"}],"curies":[{"name":"wp","href":"https:\/\/api.w.org\/{rel}","templated":true}]}}