{"id":35530,"date":"2024-05-03T19:37:34","date_gmt":"2024-05-03T23:37:34","guid":{"rendered":"http:\/\/elradar.info\/?p=35530"},"modified":"2024-05-03T19:37:35","modified_gmt":"2024-05-03T23:37:35","slug":"las-10-frases-mas-importantes-de-luis-arce-en-el-x-congreso-del-mas-ipsp","status":"publish","type":"post","link":"https:\/\/elradar.info\/?p=35530","title":{"rendered":"Las 10 frases m\u00e1s importantes de Luis Arce en el X Congreso del MAS-IPSP"},"content":{"rendered":"\n<p>En una concentraci\u00f3n de m\u00e1s de un mill\u00f3n de militantes del MAS-IPSP, junto a organizaciones sociales que llegaron desde distintos puntos del pa\u00eds, el presidente Luis Arce Catacora dirigi\u00f3 un discurso que toc\u00f3 temas de vital importancia, no solo sobre el nuevo rumbo que debe tomar ese instrumento pol\u00edtico, sino tambi\u00e9n sobre sus conflictos internos.<\/p>\n\n\n\n<p>Arce, usando la met\u00e1fora de la paternidad, en la que las organizaciones sociales son la \u201cwawa\u201d y ellas los padres que deben darlo todo para garantizar su cuidado, habl\u00f3 ante la espectacular cantidad de militantes que se dieron cita en la ciudad de El Alto, recalcando una vez m\u00e1s que nadie puede decir que es \u201cdue\u00f1o\u201d de ese instrumento pol\u00edtico. De este modo, hizo una velada alusi\u00f3n a Evo Morales, quien declar\u00f3 en repetidas ocasiones que solo \u00e9l tiene la potestad de convocar a un congreso.<\/p>\n\n\n\n<p>Estas son diez de los fragmentos que resumen los aspectos m\u00e1s importantes del discurso de Luis Arce en este hist\u00f3rico evento:<\/p>\n\n\n\n<ol class=\"wp-block-list\">\n<li>(Sobre la mentira de que Luis Arce y David Choquehuanca quieren apropiarse del MAS-IPSP) \u201cCon mentiras han intentado desprestigiar este congreso, la mentira siempre tiene patas cortas, el MAS es el pueblo boliviano y tiene a sus pap\u00e1s que son las organizaciones sociales\u00a0aqu\u00ed\u00a0presentes\u201d.<\/li>\n\n\n\n<li>\u201cEste congreso es un congreso refundacional de nuestro Instrumento Pol\u00edtico, es un Congreso en el que las organizaciones sociales van\u00a0a\u00a0recuperarlo\u201d.<\/li>\n\n\n\n<li>\u201cHermanas y hermanos, nuestro Proceso de Cambio es el pueblo, aqu\u00ed est\u00e1 el pueblo presente, nuestra juventud, los intelectuales org\u00e1nicos, nuestros profesionales. Esta es la verdadera base del Instrumento\u00a0pol\u00edtico\u201d.<\/li>\n\n\n\n<li>\u201cEsta es la verdadera base del MAS-IPSP, el pueblo que ha decidido organizarse para combatir a la derecha, industrializar los recursos naturales y construir una nueva Bolivia\u201d.<\/li>\n\n\n\n<li>\u201cLos verdaderos l\u00edderes tienen que entender que detr\u00e1s hay un pueblo organizado, que detr\u00e1s hay un pueblo que va a buscar un l\u00edder que siempre los escuche y entienda, y que haga lo que el\u00a0pueblo\u00a0manda\u201d.<\/li>\n\n\n\n<li>\u201cEl pueblo ha sufrido, ha tenido luto, es sabio y sabe que este Instrumento Pol\u00edtico no puede quedarse en manos de una persona\u201d.<\/li>\n\n\n\n<li>&#8220;Nuestro instrumento pol\u00edtico debe ser acomodado a la realidad del pueblo, debemos fortalecer la democracia\u00a0interna&#8221;.<\/li>\n\n\n\n<li>\u201cEsta es la verdadera base de nuestro instrumento pol\u00edtico, el pueblo, que en base a este instrumento ha decidido organizarse para combatir a la derecha y la subordinaci\u00f3n al Imperio\u201d.<\/li>\n\n\n\n<li>\u201cEl pueblo boliviano ha decidido apostar por una opci\u00f3n \u00fanica que unifique a todo el movimiento popular\u201d.<\/li>\n\n\n\n<li>\u201cNosotros, siempre vamos a mantener nuestros principios, porque nuestros principios no se venden\u201d.<\/li>\n<\/ol>\n","protected":false},"excerpt":{"rendered":"<p>En una concentraci\u00f3n de m\u00e1s de un mill\u00f3n de militantes del MAS-IPSP, junto a organizaciones sociales que llegaron desde distintos puntos del pa\u00eds, el presidente Luis Arce Catacora dirigi\u00f3 un discurso que toc\u00f3 temas de vital importancia, no solo sobre el nuevo rumbo que debe tomar ese instrumento pol\u00edtico, sino tambi\u00e9n sobre sus conflictos internos. Arce, usando la met\u00e1fora de la paternidad, en la que las organizaciones sociales son la \u201cwawa\u201d y ellas los padres que deben darlo todo para garantizar su cuidado, habl\u00f3 ante la espectacular cantidad de militantes que se dieron cita en la ciudad de El Alto,<\/p>\n","protected":false},"author":2,"featured_media":35534,"comment_status":"closed","ping_status":"closed","sticky":false,"template":"","format":"standard","meta":{"_seopress_robots_primary_cat":"none","_seopress_titles_title":"","_seopress_titles_desc":"","_seopress_robots_index":"","_jetpack_memberships_contains_paid_content":false,"footnotes":""},"categories":[103],"tags":[109,293,120,1094],"class_list":["post-35530","post","type-post","status-publish","format-standard","has-post-thumbnail","hentry","category-nacional","tag-bolivia","tag-la-paz","tag-luis-arce-catacora","tag-nacional"],"jetpack_featured_media_url":"https:\/\/elradar.info\/wp-content\/uploads\/2024\/05\/Lucho-radar-1.jpg","jetpack_sharing_enabled":true,"amp_enabled":true,"_links":{"self":[{"href":"https:\/\/elradar.info\/index.php?rest_route=\/wp\/v2\/posts\/35530","targetHints":{"allow":["GET"]}}],"collection":[{"href":"https:\/\/elradar.info\/index.php?rest_route=\/wp\/v2\/posts"}],"about":[{"href":"https:\/\/elradar.info\/index.php?rest_route=\/wp\/v2\/types\/post"}],"author":[{"embeddable":true,"href":"https:\/\/elradar.info\/index.php?rest_route=\/wp\/v2\/users\/2"}],"replies":[{"embeddable":true,"href":"https:\/\/elradar.info\/index.php?rest_route=%2Fwp%2Fv2%2Fcomments&post=35530"}],"version-history":[{"count":1,"href":"https:\/\/elradar.info\/index.php?rest_route=\/wp\/v2\/posts\/35530\/revisions"}],"predecessor-version":[{"id":35535,"href":"https:\/\/elradar.info\/index.php?rest_route=\/wp\/v2\/posts\/35530\/revisions\/35535"}],"wp:featuredmedia":[{"embeddable":true,"href":"https:\/\/elradar.info\/index.php?rest_route=\/wp\/v2\/media\/35534"}],"wp:attachment":[{"href":"https:\/\/elradar.info\/index.php?rest_route=%2Fwp%2Fv2%2Fmedia&parent=35530"}],"wp:term":[{"taxonomy":"category","embeddable":true,"href":"https:\/\/elradar.info\/index.php?rest_route=%2Fwp%2Fv2%2Fcategories&post=35530"},{"taxonomy":"post_tag","embeddable":true,"href":"https:\/\/elradar.info\/index.php?rest_route=%2Fwp%2Fv2%2Ftags&post=35530"}],"curies":[{"name":"wp","href":"https:\/\/api.w.org\/{rel}","templated":true}]}}