{"id":35552,"date":"2024-05-12T19:09:05","date_gmt":"2024-05-12T23:09:05","guid":{"rendered":"http:\/\/elradar.info\/?p=35552"},"modified":"2024-05-12T19:09:06","modified_gmt":"2024-05-12T23:09:06","slug":"evo-antepone-su-habilitacion-como-condicion-para-ir-a-un-congreso-conjunto","status":"publish","type":"post","link":"https:\/\/elradar.info\/?p=35552","title":{"rendered":"Evo antepone su habilitaci\u00f3n como condici\u00f3n para ir a un congreso conjunto"},"content":{"rendered":"\n<p>En su programa en la radio Kawsachun Coca, el expresidente Evo Morales se refiri\u00f3 a la posibilidad de llevar adelante un \u201ccongreso de unidad\u201d que re\u00fana a las partes en conflicto dentro del MAS-IPSP. Sin embargo, condicion\u00f3 esta posibilidad a que el gobierno de Luis Arce (seg\u00fan la perspectiva de Morales) deje de impulsar su inhabilitaci\u00f3n.<\/p>\n\n\n\n<p>Durante la transmisi\u00f3n, Evo manifest\u00f3: \u201cSi de verdad Lucho quiere un congreso de la unidad, yo quiero que p\u00fablicamente diga Lucho no va a impulsar ni la proscripci\u00f3n del MAS-IPSP ni la inhabilitaci\u00f3n de Evo. Que diga p\u00fablicamente, no solamente el pueblo boliviano, sino a la comunidad internacional\u201d, demand\u00f3 el exmandatario.<\/p>\n\n\n\n<p>Esta actitud fue muy cuestionada por las organizaciones sociales y por militantes del MAS-IPSP, quienes consideraron que Evo pone en primer lugar su candidatura y luego la continuidad del instrumento pol\u00edtico, el mismo que ya recibi\u00f3 una primera amonestaci\u00f3n, algo que consideraron una \u201ctarjeta amarilla\u201d que, de no ser atendida, podr\u00eda dar lugar a una posible proscripci\u00f3n.<\/p>\n\n\n\n<p>Estas declaraciones vienen luego de que representantes de varias organizaciones y bases sociales hicieran repetidos llamados a que Morales se sume a un congreso conjunto con el fin de elegir una nueva directiva del MAS-IPSP y que esta cuente con la aprobaci\u00f3n del Tribunal Supremo Electoral.<\/p>\n","protected":false},"excerpt":{"rendered":"<p>En su programa en la radio Kawsachun Coca, el expresidente Evo Morales se refiri\u00f3 a la posibilidad de llevar adelante un \u201ccongreso de unidad\u201d que re\u00fana a las partes en conflicto dentro del MAS-IPSP. Sin embargo, condicion\u00f3 esta posibilidad a que el gobierno de Luis Arce (seg\u00fan la perspectiva de Morales) deje de impulsar su inhabilitaci\u00f3n. Durante la transmisi\u00f3n, Evo manifest\u00f3: \u201cSi de verdad Lucho quiere un congreso de la unidad, yo quiero que p\u00fablicamente diga Lucho no va a impulsar ni la proscripci\u00f3n del MAS-IPSP ni la inhabilitaci\u00f3n de Evo. Que diga p\u00fablicamente, no solamente el pueblo boliviano, sino<\/p>\n","protected":false},"author":2,"featured_media":35476,"comment_status":"closed","ping_status":"closed","sticky":false,"template":"","format":"standard","meta":{"_seopress_robots_primary_cat":"none","_seopress_titles_title":"","_seopress_titles_desc":"","_seopress_robots_index":"","_jetpack_memberships_contains_paid_content":false,"footnotes":""},"categories":[103],"tags":[109,293,132,1094],"class_list":["post-35552","post","type-post","status-publish","format-standard","has-post-thumbnail","hentry","category-nacional","tag-bolivia","tag-la-paz","tag-luis-arce","tag-nacional"],"jetpack_featured_media_url":"https:\/\/elradar.info\/wp-content\/uploads\/2024\/04\/evo-feo.jpg","jetpack_sharing_enabled":true,"amp_enabled":true,"_links":{"self":[{"href":"https:\/\/elradar.info\/index.php?rest_route=\/wp\/v2\/posts\/35552","targetHints":{"allow":["GET"]}}],"collection":[{"href":"https:\/\/elradar.info\/index.php?rest_route=\/wp\/v2\/posts"}],"about":[{"href":"https:\/\/elradar.info\/index.php?rest_route=\/wp\/v2\/types\/post"}],"author":[{"embeddable":true,"href":"https:\/\/elradar.info\/index.php?rest_route=\/wp\/v2\/users\/2"}],"replies":[{"embeddable":true,"href":"https:\/\/elradar.info\/index.php?rest_route=%2Fwp%2Fv2%2Fcomments&post=35552"}],"version-history":[{"count":1,"href":"https:\/\/elradar.info\/index.php?rest_route=\/wp\/v2\/posts\/35552\/revisions"}],"predecessor-version":[{"id":35558,"href":"https:\/\/elradar.info\/index.php?rest_route=\/wp\/v2\/posts\/35552\/revisions\/35558"}],"wp:featuredmedia":[{"embeddable":true,"href":"https:\/\/elradar.info\/index.php?rest_route=\/wp\/v2\/media\/35476"}],"wp:attachment":[{"href":"https:\/\/elradar.info\/index.php?rest_route=%2Fwp%2Fv2%2Fmedia&parent=35552"}],"wp:term":[{"taxonomy":"category","embeddable":true,"href":"https:\/\/elradar.info\/index.php?rest_route=%2Fwp%2Fv2%2Fcategories&post=35552"},{"taxonomy":"post_tag","embeddable":true,"href":"https:\/\/elradar.info\/index.php?rest_route=%2Fwp%2Fv2%2Ftags&post=35552"}],"curies":[{"name":"wp","href":"https:\/\/api.w.org\/{rel}","templated":true}]}}