{"id":35560,"date":"2024-05-14T11:35:16","date_gmt":"2024-05-14T15:35:16","guid":{"rendered":"http:\/\/elradar.info\/?p=35560"},"modified":"2024-05-14T11:35:17","modified_gmt":"2024-05-14T15:35:17","slug":"reaparece-ronald-mclean-y-revela-pacto-secreto-de-la-derecha-un-paso-hacia-la-recolonizacion-de-latinoamerica","status":"publish","type":"post","link":"https:\/\/elradar.info\/?p=35560","title":{"rendered":"Reaparece Ronald McLean y revela pacto secreto de la derecha \u00bfun paso hacia la recolonizaci\u00f3n de Latinoam\u00e9rica?"},"content":{"rendered":"\n<p>En una entrevista virtual para el programa Cabildeo Digital, conducido por la periodista Amalia Pando, el excanciller y exalcalde Ronald McLean, desde su residencia en Estados Unidos, se refiri\u00f3 a varios aspectos de la pol\u00edtica en Bolivia. Sin embargo, la m\u00e1s relevante fue la existencia de un \u201cpacto secreto\u201d entre l\u00edderes de la oposici\u00f3n, los mismos que se habr\u00edan reunido secretamente en Washington.<\/p>\n\n\n\n<p>\u201cYo s\u00e9 que Samuel (Doria Medina) estuvo aqu\u00ed en Washington, y que se ha firmado un pacto secreto entre dos o tres candidatos tradicionales para hacer sus cosas. Bueno, esta cosa no puede ser entre tres o cuatro paredes, no puede ser \u2018yo te doy, t\u00fa me das este Ministerio\u2019. No. Tiene que ser abierto, ventilado, transparente, democr\u00e1tico\u201d, manifest\u00f3 McLean.<\/p>\n\n\n\n<p>Estos datos no hacen m\u00e1s que confirmar la informaci\u00f3n que hab\u00edamos dado a conocer a nuestros lectores en El Radar: existe un plan del gobierno estadounidense para recolonizar Latinoam\u00e9rica.<\/p>\n\n\n\n<figure class=\"wp-block-image size-full\"><img loading=\"lazy\" decoding=\"async\" width=\"800\" height=\"674\" src=\"https:\/\/elradar.info\/wp-content\/uploads\/2024\/05\/claure-ok.jpg\" alt=\"\" class=\"wp-image-35564\" srcset=\"https:\/\/elradar.info\/wp-content\/uploads\/2024\/05\/claure-ok.jpg 800w, https:\/\/elradar.info\/wp-content\/uploads\/2024\/05\/claure-ok-300x253.jpg 300w, https:\/\/elradar.info\/wp-content\/uploads\/2024\/05\/claure-ok-768x647.jpg 768w, https:\/\/elradar.info\/wp-content\/uploads\/2024\/05\/claure-ok-480x404.jpg 480w\" sizes=\"auto, (max-width: 800px) 100vw, 800px\" \/><\/figure>\n\n\n\n<p>Ronald McLean fue educado en la Escuela de Gobierno John F. Kennedy, una de las doce escuelas de la Universidad de Harvard que imparten programas de posgrado. Por ello, desde un inicio, estuvo alineado con el nacionalismo norteamericano. M\u00e1s adelante, trabaj\u00f3 para el Banco Mundial para el que fue consultor durante muchos a\u00f1os. Con estos antecedentes no es de sorprenderse que fuese nombrado jefe de campa\u00f1a de la candidatura de Luis Fernando Camacho, otro operador del gobierno yanqui, para las elecciones de 2020.<\/p>\n\n\n\n<p>El exalcalde public\u00f3 recientemente un art\u00edculo titulado \u201cUna candidatura para ganarle al MAS en 2025\u201d, en el que propone varios puntos a cumplir para poder conseguir una victoria frente al MAS-IPSP en 2025. Uno de estos puntos nos remite inmediatamente al plan de recolonizaci\u00f3n que mencionamos l\u00edneas arriba: la construcci\u00f3n de un candidato \u201coutsider\u201d conveniente a los intereses de los Estados Unidos.<\/p>\n\n\n\n<figure class=\"wp-block-image size-large\"><img loading=\"lazy\" decoding=\"async\" width=\"1024\" height=\"779\" src=\"https:\/\/elradar.info\/wp-content\/uploads\/2024\/05\/veltze-ok-1024x779.jpg\" alt=\"\" class=\"wp-image-35565\" srcset=\"https:\/\/elradar.info\/wp-content\/uploads\/2024\/05\/veltze-ok-1024x779.jpg 1024w, https:\/\/elradar.info\/wp-content\/uploads\/2024\/05\/veltze-ok-300x228.jpg 300w, https:\/\/elradar.info\/wp-content\/uploads\/2024\/05\/veltze-ok-768x585.jpg 768w, https:\/\/elradar.info\/wp-content\/uploads\/2024\/05\/veltze-ok-480x365.jpg 480w, https:\/\/elradar.info\/wp-content\/uploads\/2024\/05\/veltze-ok.jpg 1327w\" sizes=\"auto, (max-width: 1024px) 100vw, 1024px\" \/><\/figure>\n\n\n\n<p>Seg\u00fan McLean: \u201cIdealmente, esta debe ser una candidatura fresca, que tenga claras posibilidades de ganar, y adem\u00e1s de gobernar eficiente y honestamente\u201d. Adem\u00e1s, como requisito, este candidato debe: \u201cNo tener antecedentes de relaci\u00f3n pol\u00edtica con el MAS, militancia socialista, antidemocr\u00e1tica, autocr\u00e1tica, colectivista o teocr\u00e1tica\u201d. Claramente, se trata de un candidato a la medida del imperio estadounidense.<\/p>\n\n\n\n<p>Otras figuras pol\u00edticas del pasado tambi\u00e9n salieron a apoyar estas ideas, as\u00ed como Jorge \u201cTuto\u201d Quiroga, pol\u00edtico con un perfil muy similar, estudi\u00f3 en los Estados Unidos y fue m\u00e1s adelante vicepresidente de Hugo Banzer Su\u00e1rez.<\/p>\n\n\n\n<figure class=\"wp-block-image size-large\"><img loading=\"lazy\" decoding=\"async\" width=\"1024\" height=\"683\" src=\"https:\/\/elradar.info\/wp-content\/uploads\/2024\/05\/Manfred-ok-1024x683.jpg\" alt=\"\" class=\"wp-image-35566\" srcset=\"https:\/\/elradar.info\/wp-content\/uploads\/2024\/05\/Manfred-ok-1024x683.jpg 1024w, https:\/\/elradar.info\/wp-content\/uploads\/2024\/05\/Manfred-ok-300x200.jpg 300w, https:\/\/elradar.info\/wp-content\/uploads\/2024\/05\/Manfred-ok-768x512.jpg 768w, https:\/\/elradar.info\/wp-content\/uploads\/2024\/05\/Manfred-ok-720x480.jpg 720w, https:\/\/elradar.info\/wp-content\/uploads\/2024\/05\/Manfred-ok-480x320.jpg 480w, https:\/\/elradar.info\/wp-content\/uploads\/2024\/05\/Manfred-ok.jpg 1200w\" sizes=\"auto, (max-width: 1024px) 100vw, 1024px\" \/><\/figure>\n","protected":false},"excerpt":{"rendered":"<p>En una entrevista virtual para el programa Cabildeo Digital, conducido por la periodista Amalia Pando, el excanciller y exalcalde Ronald McLean, desde su residencia en Estados Unidos, se refiri\u00f3 a varios aspectos de la pol\u00edtica en Bolivia. Sin embargo, la m\u00e1s relevante fue la existencia de un \u201cpacto secreto\u201d entre l\u00edderes de la oposici\u00f3n, los mismos que se habr\u00edan reunido secretamente en Washington. \u201cYo s\u00e9 que Samuel (Doria Medina) estuvo aqu\u00ed en Washington, y que se ha firmado un pacto secreto entre dos o tres candidatos tradicionales para hacer sus cosas. Bueno, esta cosa no puede ser entre tres o<\/p>\n","protected":false},"author":2,"featured_media":35563,"comment_status":"closed","ping_status":"closed","sticky":false,"template":"","format":"standard","meta":{"_seopress_robots_primary_cat":"none","_seopress_titles_title":"","_seopress_titles_desc":"","_seopress_robots_index":"","_jetpack_memberships_contains_paid_content":false,"footnotes":""},"categories":[103],"tags":[109,708,293,1094],"class_list":["post-35560","post","type-post","status-publish","format-standard","has-post-thumbnail","hentry","category-nacional","tag-bolivia","tag-gobierno-nacional","tag-la-paz","tag-nacional"],"jetpack_featured_media_url":"https:\/\/elradar.info\/wp-content\/uploads\/2024\/05\/mclean-radar.jpg","jetpack_sharing_enabled":true,"amp_enabled":true,"_links":{"self":[{"href":"https:\/\/elradar.info\/index.php?rest_route=\/wp\/v2\/posts\/35560","targetHints":{"allow":["GET"]}}],"collection":[{"href":"https:\/\/elradar.info\/index.php?rest_route=\/wp\/v2\/posts"}],"about":[{"href":"https:\/\/elradar.info\/index.php?rest_route=\/wp\/v2\/types\/post"}],"author":[{"embeddable":true,"href":"https:\/\/elradar.info\/index.php?rest_route=\/wp\/v2\/users\/2"}],"replies":[{"embeddable":true,"href":"https:\/\/elradar.info\/index.php?rest_route=%2Fwp%2Fv2%2Fcomments&post=35560"}],"version-history":[{"count":1,"href":"https:\/\/elradar.info\/index.php?rest_route=\/wp\/v2\/posts\/35560\/revisions"}],"predecessor-version":[{"id":35567,"href":"https:\/\/elradar.info\/index.php?rest_route=\/wp\/v2\/posts\/35560\/revisions\/35567"}],"wp:featuredmedia":[{"embeddable":true,"href":"https:\/\/elradar.info\/index.php?rest_route=\/wp\/v2\/media\/35563"}],"wp:attachment":[{"href":"https:\/\/elradar.info\/index.php?rest_route=%2Fwp%2Fv2%2Fmedia&parent=35560"}],"wp:term":[{"taxonomy":"category","embeddable":true,"href":"https:\/\/elradar.info\/index.php?rest_route=%2Fwp%2Fv2%2Fcategories&post=35560"},{"taxonomy":"post_tag","embeddable":true,"href":"https:\/\/elradar.info\/index.php?rest_route=%2Fwp%2Fv2%2Ftags&post=35560"}],"curies":[{"name":"wp","href":"https:\/\/api.w.org\/{rel}","templated":true}]}}