{"id":35753,"date":"2024-07-23T23:32:00","date_gmt":"2024-07-24T03:32:00","guid":{"rendered":"http:\/\/elradar.info\/?p=35753"},"modified":"2024-07-24T01:42:45","modified_gmt":"2024-07-24T05:42:45","slug":"4-bolivianos-a-los-juegos-olimpicos-paris2024","status":"publish","type":"post","link":"https:\/\/elradar.info\/?p=35753","title":{"rendered":"4 BOLIVIANOS A LOS JUEGOS OLIMPICOS PARIS2024"},"content":{"rendered":"\n<p>Bolivia ha asistido a los Juegos Ol\u00edmpicos desde Berl\u00edn 1936. En todas las oportunidades anteriores, los representantes bolivianos acudieron con tarjeta de invitaci\u00f3n, a excepci\u00f3n de los juegos R\u00edo2016 cuando los deportistas bolivianos obtuvieron las marcas m\u00ednimas de rendimiento para participar.<\/p>\n\n\n\n<p>Esta jornada de Par\u00eds 2024, ser\u00eda la dieciseisava oportunidad que nos damos cita en la reuni\u00f3n deportiva m\u00e1s importante del mundo.<\/p>\n\n\n\n<p>La actual delegaci\u00f3n boliviana est\u00e1 compuesta por 4 atletas, de los cuales 2 ser\u00e1n los responsables de portar la bandera nacional durante la ceremonia de apertura de los Juegos Ol\u00edmpicos. Seg\u00fan el Comit\u00e9 Ol\u00edmpico Boliviano (COB), esta distinci\u00f3n la tendr\u00e1n la nadadora cruce\u00f1a Mar\u00eda Jos\u00e9 Ribera y el maratonista orure\u00f1o H\u00e9ctor Garibay.<\/p>\n\n\n\n<p>Pero \u00bfQui\u00e9nes son los 4 deportistas que representar\u00e1n a Bolivia en los Juegos Ol\u00edmpicos Paris2024?<\/p>\n\n\n\n<p><strong>H\u00e9ctor Garibay<\/strong><\/p>\n\n\n\n<p>H\u00e9ctor Garibay, de 36 a\u00f1os, naci\u00f3 en <a href=\"https:\/\/es.wikipedia.org\/wiki\/Totoral_(Poop%C3%B3)\">Totoral<\/a>, Oruro, el 9 de julio de 1988. Es un atleta de marat\u00f3n especializado en carreras de larga distancia, al que adem\u00e1s se le atribuye ser el \u00fanico deportista de la actual delegaci\u00f3n que clasific\u00f3 a Paris2024 por m\u00e9rito propio, luego de obtener la marca m\u00ednima exigida para su participaci\u00f3n, con un registro de 2 horas con 7 y 45 segundos.<\/p>\n\n\n\n<p>Con esfuerzo, y trabajando de taxista, ha financiado su desarrollo deportivo al que le debe la medalla de oro en Rio City Half Marathon en Brasil 2024, y victorias en la marat\u00f3n Internacional de M\u00e9xico 2023 y la marat\u00f3n de Buenos Aires, Argentina, 2021.<\/p>\n\n\n\n<p>Garibay recibi\u00f3 apoyo del programa tunkas desde la gesti\u00f3n 2021 hasta el 2023 para competir en Zurich Marat\u00f3n de Sevilla \u2013 Espa\u00f1a (el 22 de febrero de 2022) donde obtuvo el segundo lugar, y para su viaje a los Juegos Odesur en Asunci\u00f3n \u2013 Paraguay (del 1 al 15 de octubre de 2022) donde alcanz\u00f3 el tercer lugar; tambi\u00e9n para los Juegos Bolivarianos en Valledupar \u2013 Colombia (del 24 de junio al 5 de julio de 2022) en el que se trajo el segundo lugar.<\/p>\n\n\n\n<p>El abanderado del Comit\u00e9 Ol\u00edmpico Boliviano es la opci\u00f3n m\u00e1s clara de obtener una medalla para Bolivia en estos juegos ol\u00edmpicos. A prop\u00f3sito del reto, Garibay expres\u00f3: <em>\u201cMi objetivo es cumplir la promesa a mi padre, quien desde arriba me protege y me ayuda a demostrar que s\u00ed se puede\u201d<\/em>.<\/p>\n\n\n\n<p>El atleta <a href=\"https:\/\/www.opinion.com.bo\/articulo\/deportes\/garibay-objetivo-es-cumplir-promesa-que-hice-padre\/20240721000012950978.html\">boliviano<\/a> competir\u00e1 la marat\u00f3n masculina en Paris2024 el s\u00e1bado10 de agosto a las 2:00 am de la madrugada, hora Bolivia.<\/p>\n\n\n\n<p><strong>Mar\u00eda Jos\u00e9 Ribera<\/strong><\/p>\n\n\n\n<p>Mar\u00eda Jos\u00e9, de 27 a\u00f1os, naci\u00f3 el 28 de octubre de 1996 en <a href=\"https:\/\/es.wikipedia.org\/wiki\/Santa_Cruz_de_la_Sierra\">Santa Cruz de la Sierra<\/a> y es nadadora.<\/p>\n\n\n\n<p>Ribera es la n\u00famero 1 en el ranking nacional de Bolivia en su disciplina, luego de obtener una medalla de oro en el Campeonato Nacional Interligas Abierto en Cartagena, Colombia, donde registr\u00f3 su mejor marca de 25 segundos y 73 cent\u00e9simas. Gracias a esta participaci\u00f3n, el Comit\u00e9 Ol\u00edmpico Internacional de los Juegos Ol\u00edmpicos Paris2024 le extendi\u00f3 la tarjeta de invitaci\u00f3n (wildcard) que le permite competir en el pr\u00f3ximo encuentro deportivo mundial, para la prueba de los 50 metros libres.<\/p>\n\n\n\n<p>Ribera competir\u00e1 en Paris2024 en la prueba de 50 metros libres damas el siguiente 3 de agosto, a las 5:00 am hora Bolivia.<\/p>\n\n\n\n<p><strong>Guadalupe T\u00f3rrez<\/strong><\/p>\n\n\n\n<p>Guadalupe T\u00f3rrez tiene 23 a\u00f1os, naci\u00f3 el 17 de mayo de 2001 en Santa Cruz de la Sierra y es velocista. Antes de decantarse por los 100 metros planos, Torrez practicaba nataci\u00f3n y gimnasia.<\/p>\n\n\n\n<p>Adem\u00e1s de ser deportista de alto rendimiento, actualmente estudia para especializarse en nutrici\u00f3n. La atleta entrena de 2 a 3 horas por semana y estudia durante el d\u00eda.<\/p>\n\n\n\n<p>11,57 segundos es la marca en los 100 metros planos que le dio acceso a la deportista a la tarjeta de invitaci\u00f3n del Comit\u00e9 Ol\u00edmpico Internacional (wildcard).<\/p>\n\n\n\n<p>A prop\u00f3sito de su participaci\u00f3n, Torrez coment\u00f3: <em>\u201cEs un sue\u00f1o hecho realidad para mi persona y entrenador. Es el resultado de muchos a\u00f1os de trabajo a nivel nacional e internacional. Ahora tenemos la gran oportunidad de representar al pa\u00eds.\u201d<\/em><\/p>\n\n\n\n<p>Guadalupe participar\u00e1 en la ronda preliminar de los 100 metros planos femenino en Paris2024, el pr\u00f3ximo 2 de agosto a las 4:35 de la madrugada, hora Bolivia.<\/p>\n\n\n\n<p><strong>Esteban N\u00fa\u00f1ez del Prado<\/strong><\/p>\n\n\n\n<p>Esteban N\u00fa\u00f1ez tiene 18 a\u00f1os, naci\u00f3 el 2 de junio de 2004 en Santa Cruz de la Sierra y practica nataci\u00f3n desde que ten\u00eda 5 a\u00f1os.<\/p>\n\n\n\n<p>Sobre su participaci\u00f3n en los Juegos Ol\u00edmpicos Paris2024, la Federaci\u00f3n Boliviana de Nataci\u00f3n expres\u00f3 en redes sociales el siguiente mensaje para el deportista: <em>\u201cSabemos que tu preparaci\u00f3n en el Centro de Entrenamiento en Antibes, Francia, ha sido intensa y llena de sacrificios. Has pasado largos periodos lejos de Bolivia y de tu familia, dedicando cada d\u00eda a perfeccionar tu t\u00e9cnica y fortalecerte para esta gran competencia. Todo ese tiempo y esfuerzo han sido reconocidos con tu nominaci\u00f3n a las olimpiadas, y no podemos estar m\u00e1s orgullosos de ti.<\/em><\/p>\n\n\n\n<p>Nu\u00f1ez tiene aproximadamente 20 records nacionales.13 marcas nacionales en el torneo Clausura 2017, 2 medallas de bronce en los Juegos Escolares Sudamericanos Arequipa 2018 (Per\u00fa); 1 medalla de oro y 1 de plata en la Copa del Pac\u00edfico en Lima (Per\u00fa) y asisti\u00f3 al Sudamericano Juvenil en Santiago de Chile.<\/p>\n\n\n\n<p>La Federaci\u00f3n Internacional de Nataci\u00f3n (FINA) le otorg\u00f3 una beca en el 2022, que se le da a un deportista destacado por cada pa\u00eds de Sudam\u00e9rica, correspondi\u00e9ndole a \u00e9l su preparaci\u00f3n en Fort Lauderdale,Estados Unidos.<\/p>\n\n\n\n<p>En principio, el boliviano form\u00f3 parte del programa Tunkas, pero actualmente tiene el apoyo de La Boliviana Ciacruz, Sponser y Sportmotion para su preparaci\u00f3n.<\/p>\n\n\n\n<p>Esteban abrir\u00e1 la ronda de competiciones de la delegaci\u00f3n boliviana en Paris2024, con la modalidad de 200 metros combinados individual. Su participaci\u00f3n ser\u00e1 el 1 de agosto a las 5:00 am hora Bolivia.<\/p>\n","protected":false},"excerpt":{"rendered":"<p>Bolivia ha asistido a los Juegos Ol\u00edmpicos desde Berl\u00edn 1936. En todas las oportunidades anteriores, los representantes bolivianos acudieron con tarjeta de invitaci\u00f3n, a excepci\u00f3n de los juegos R\u00edo2016 cuando los deportistas bolivianos obtuvieron las marcas m\u00ednimas de rendimiento para participar. Esta jornada de Par\u00eds 2024, ser\u00eda la dieciseisava oportunidad que nos damos cita en la reuni\u00f3n deportiva m\u00e1s importante del mundo. La actual delegaci\u00f3n boliviana est\u00e1 compuesta por 4 atletas, de los cuales 2 ser\u00e1n los responsables de portar la bandera nacional durante la ceremonia de apertura de los Juegos Ol\u00edmpicos. Seg\u00fan el Comit\u00e9 Ol\u00edmpico Boliviano (COB), esta distinci\u00f3n<\/p>\n","protected":false},"author":2,"featured_media":35756,"comment_status":"closed","ping_status":"closed","sticky":false,"template":"","format":"standard","meta":{"_seopress_robots_primary_cat":"none","_seopress_titles_title":"","_seopress_titles_desc":"","_seopress_robots_index":"","_jetpack_memberships_contains_paid_content":false,"footnotes":""},"categories":[199],"tags":[109,6129,6128],"class_list":["post-35753","post","type-post","status-publish","format-standard","has-post-thumbnail","hentry","category-deportes","tag-bolivia","tag-jjoo","tag-paris2024"],"jetpack_featured_media_url":"https:\/\/elradar.info\/wp-content\/uploads\/2024\/07\/Bolivia-a-los-Juegos-Olimpicos-Paris-2024.jpg","jetpack_sharing_enabled":true,"amp_enabled":true,"_links":{"self":[{"href":"https:\/\/elradar.info\/index.php?rest_route=\/wp\/v2\/posts\/35753","targetHints":{"allow":["GET"]}}],"collection":[{"href":"https:\/\/elradar.info\/index.php?rest_route=\/wp\/v2\/posts"}],"about":[{"href":"https:\/\/elradar.info\/index.php?rest_route=\/wp\/v2\/types\/post"}],"author":[{"embeddable":true,"href":"https:\/\/elradar.info\/index.php?rest_route=\/wp\/v2\/users\/2"}],"replies":[{"embeddable":true,"href":"https:\/\/elradar.info\/index.php?rest_route=%2Fwp%2Fv2%2Fcomments&post=35753"}],"version-history":[{"count":1,"href":"https:\/\/elradar.info\/index.php?rest_route=\/wp\/v2\/posts\/35753\/revisions"}],"predecessor-version":[{"id":35757,"href":"https:\/\/elradar.info\/index.php?rest_route=\/wp\/v2\/posts\/35753\/revisions\/35757"}],"wp:featuredmedia":[{"embeddable":true,"href":"https:\/\/elradar.info\/index.php?rest_route=\/wp\/v2\/media\/35756"}],"wp:attachment":[{"href":"https:\/\/elradar.info\/index.php?rest_route=%2Fwp%2Fv2%2Fmedia&parent=35753"}],"wp:term":[{"taxonomy":"category","embeddable":true,"href":"https:\/\/elradar.info\/index.php?rest_route=%2Fwp%2Fv2%2Fcategories&post=35753"},{"taxonomy":"post_tag","embeddable":true,"href":"https:\/\/elradar.info\/index.php?rest_route=%2Fwp%2Fv2%2Ftags&post=35753"}],"curies":[{"name":"wp","href":"https:\/\/api.w.org\/{rel}","templated":true}]}}