{"id":35900,"date":"2024-10-27T09:59:56","date_gmt":"2024-10-27T13:59:56","guid":{"rendered":"http:\/\/elradar.info\/?p=35900"},"modified":"2024-10-27T09:59:58","modified_gmt":"2024-10-27T13:59:58","slug":"experto-en-balistica-confirma-que-denuncia-de-evo-morales-fue-un-autoatentado","status":"publish","type":"post","link":"https:\/\/elradar.info\/?p=35900","title":{"rendered":"Experto en bal\u00edstica confirma que denuncia de Evo Morales &#8220;fue un autoatentado&#8221;"},"content":{"rendered":"\n<p>Luego de que Evo Morales denunciara un atentado contra su vida en el Tr\u00f3pico de Cochabamba, el reconocido experto en bal\u00edstica forense, Dr. Javier Romero, hizo un estudio del caso y afirm\u00f3 que el mismo presenta caracter\u00edsticas de un autoatentado. Seg\u00fan Romero, &#8220;la trayectoria de los disparos sugiere que el proyectil pudo haber sido disparado desde el interior del veh\u00edculo o en un escenario controlado&#8221;.<\/p>\n\n\n\n<p>Romero destac\u00f3 que, &#8220;si los disparos proven\u00edan de atr\u00e1s, es inusual que un proyectil atraviese el vidrio trasero y luego impacte en la nuca del conductor sin causar m\u00e1s da\u00f1os&#8221;. Esto, se\u00f1ala, &#8220;suscita dudas sobre la versi\u00f3n oficial del atentado&#8221;.<\/p>\n\n\n\n<p>Adem\u00e1s, el experto subray\u00f3 que &#8220;la ausencia de da\u00f1os significativos en el veh\u00edculo y la falta de otras lesiones apuntan a una planificaci\u00f3n cuidadosa del ataque, dise\u00f1ado para crear confusi\u00f3n&#8221;.<\/p>\n\n\n\n<p>Asimismo, internautas que vieron el video publicado por Morales notaron inconsistencias en el mismo, como el cambio de ropa del conductor, algo que rompe la continuidad de la escena. Todos estos detalles, sumados a una reciente encuesta publicada por el periodista Jhon Arandia en la que la gente vot\u00f3 en m\u00e1s de un 90% que se trata de una escena armada, parecen confirmar que se trata de un montaje de Evo Morales y sus allegados ante el pedido generalizado de que rinda cuentas por sus casos de estupro y trata y tr\u00e1fico de menores.<\/p>\n","protected":false},"excerpt":{"rendered":"<p>Luego de que Evo Morales denunciara un atentado contra su vida en el Tr\u00f3pico de Cochabamba, el reconocido experto en bal\u00edstica forense, Dr. Javier Romero, hizo un estudio del caso y afirm\u00f3 que el mismo presenta caracter\u00edsticas de un autoatentado. Seg\u00fan Romero, &#8220;la trayectoria de los disparos sugiere que el proyectil pudo haber sido disparado desde el interior del veh\u00edculo o en un escenario controlado&#8221;. Romero destac\u00f3 que, &#8220;si los disparos proven\u00edan de atr\u00e1s, es inusual que un proyectil atraviese el vidrio trasero y luego impacte en la nuca del conductor sin causar m\u00e1s da\u00f1os&#8221;. Esto, se\u00f1ala, &#8220;suscita dudas sobre<\/p>\n","protected":false},"author":1,"featured_media":35903,"comment_status":"closed","ping_status":"closed","sticky":false,"template":"","format":"standard","meta":{"_seopress_robots_primary_cat":"none","_seopress_titles_title":"","_seopress_titles_desc":"","_seopress_robots_index":"","_jetpack_memberships_contains_paid_content":false,"footnotes":""},"categories":[103],"tags":[109,113,293,1094,167],"class_list":["post-35900","post","type-post","status-publish","format-standard","has-post-thumbnail","hentry","category-nacional","tag-bolivia","tag-internacional","tag-la-paz","tag-nacional","tag-santa-cruz"],"jetpack_featured_media_url":"https:\/\/elradar.info\/wp-content\/uploads\/2024\/10\/atentado-portada.jpg","jetpack_sharing_enabled":true,"amp_enabled":true,"_links":{"self":[{"href":"https:\/\/elradar.info\/index.php?rest_route=\/wp\/v2\/posts\/35900","targetHints":{"allow":["GET"]}}],"collection":[{"href":"https:\/\/elradar.info\/index.php?rest_route=\/wp\/v2\/posts"}],"about":[{"href":"https:\/\/elradar.info\/index.php?rest_route=\/wp\/v2\/types\/post"}],"author":[{"embeddable":true,"href":"https:\/\/elradar.info\/index.php?rest_route=\/wp\/v2\/users\/1"}],"replies":[{"embeddable":true,"href":"https:\/\/elradar.info\/index.php?rest_route=%2Fwp%2Fv2%2Fcomments&post=35900"}],"version-history":[{"count":1,"href":"https:\/\/elradar.info\/index.php?rest_route=\/wp\/v2\/posts\/35900\/revisions"}],"predecessor-version":[{"id":35904,"href":"https:\/\/elradar.info\/index.php?rest_route=\/wp\/v2\/posts\/35900\/revisions\/35904"}],"wp:featuredmedia":[{"embeddable":true,"href":"https:\/\/elradar.info\/index.php?rest_route=\/wp\/v2\/media\/35903"}],"wp:attachment":[{"href":"https:\/\/elradar.info\/index.php?rest_route=%2Fwp%2Fv2%2Fmedia&parent=35900"}],"wp:term":[{"taxonomy":"category","embeddable":true,"href":"https:\/\/elradar.info\/index.php?rest_route=%2Fwp%2Fv2%2Fcategories&post=35900"},{"taxonomy":"post_tag","embeddable":true,"href":"https:\/\/elradar.info\/index.php?rest_route=%2Fwp%2Fv2%2Ftags&post=35900"}],"curies":[{"name":"wp","href":"https:\/\/api.w.org\/{rel}","templated":true}]}}