{"id":35990,"date":"2024-11-11T15:50:43","date_gmt":"2024-11-11T19:50:43","guid":{"rendered":"http:\/\/elradar.info\/?p=35990"},"modified":"2024-11-11T15:50:45","modified_gmt":"2024-11-11T19:50:45","slug":"el-sector-manufacturero-y-el-gobierno-boliviano-discuten-medidas-para-superar-la-crisis-economica","status":"publish","type":"post","link":"https:\/\/elradar.info\/?p=35990","title":{"rendered":"El sector manufacturero y el gobierno boliviano discuten medidas para superar la crisis econ\u00f3mica"},"content":{"rendered":"\n<p><em>El Gobierno boliviano ha identificado tres medidas clave para garantizar el abastecimiento de combustible y apoyar la recuperaci\u00f3n del sector productivo afectado por el bloqueo.<\/em> <em>As\u00ed se dio a conocer tras una reuni\u00f3n conjunta en la que participaron el presidente Luis Arce, miembros del Gabinete, industriales y empresarios del departamento de Santa Cruz.<\/em><\/p>\n\n\n\n<p>Durante el encuentro, los representantes empresariales compartieron con el jefe de Estado los problemas m\u00e1s acuciantes relacionados con la escasez de combustible y otras consecuencias del bloqueo de carreteras por parte de los partidarios de Evo Morales.<\/p>\n\n\n\n<p>Seg\u00fan el ministro de Planificaci\u00f3n, Sergio Cusicanqui, de la reuni\u00f3n surgieron acuerdos sobre las medidas que el Gobierno puede adoptar para mitigar los resultados del bloqueo.<\/p>\n\n\n\n<p>Una de las principales medidas en este sentido ser\u00e1 priorizar la distribuci\u00f3n de combustible a los sectores productivos de los nueve departamentos del pa\u00eds. Esta medida deber\u00e1 permitir el transporte de materias primas y productos terminados. Sergio Cusicanqui enfatiz\u00f3 que el combustible es un componente esencial para el funcionamiento de las cadenas productivas, tanto para las empresas como para la poblaci\u00f3n. Asegur\u00f3 a los presentes que el plan del gobierno optimizar\u00e1 el transporte de combustible y reducir\u00e1 costos y tiempo para los transportistas.<\/p>\n\n\n\n<p><em>\u201cVamos a devolver la tranquilidad al pueblo de Bolivia despu\u00e9s de 24 d\u00edas de bloqueo inhumano\u201d-dijo el ministro.<\/em><\/p>\n\n\n\n<p>Seg\u00fan cifras oficiales, el cierre de carreteras por parte de los Evistas ya ha costado a Bolivia m\u00e1s de 2.200 millones de d\u00f3lares. Mientras tanto, los da\u00f1os causados por los seguidores del expresidente podr\u00edan multiplicarse, ya que la escasez de combustible que han provocado ha puesto en peligro la cosecha de soja, que sigue siendo uno de los principales productos de exportaci\u00f3n de Bolivia. El bloqueo tambi\u00e9n ha provocado la escasez de productos de primera necesidad, como alimentos y medicinas, lo que ha llevado a varias ciudades al borde del desastre humanitario.<\/p>\n\n\n\n<p>Esto ha obligado al Gobierno a tomar duras medidas contra quienes interfieren en el funcionamiento normal del Estado. A principios de semana, la polic\u00eda detuvo a varias docenas de manifestantes implicados en bloqueos ilegales de carreteras. Adem\u00e1s, se desplegaron unidades del ej\u00e9rcito para levantar el bloqueo. Estas medidas dieron sus primeros frutos, ya que las autoridades pudieron reabrir la carretera entre La Paz, Cochabamba y Santa Cruz.<\/p>\n","protected":false},"excerpt":{"rendered":"<p>El Gobierno boliviano ha identificado tres medidas clave para garantizar el abastecimiento de combustible y apoyar la recuperaci\u00f3n del sector productivo afectado por el bloqueo. As\u00ed se dio a conocer tras una reuni\u00f3n conjunta en la que participaron el presidente Luis Arce, miembros del Gabinete, industriales y empresarios del departamento de Santa Cruz. Durante el encuentro, los representantes empresariales compartieron con el jefe de Estado los problemas m\u00e1s acuciantes relacionados con la escasez de combustible y otras consecuencias del bloqueo de carreteras por parte de los partidarios de Evo Morales. Seg\u00fan el ministro de Planificaci\u00f3n, Sergio Cusicanqui, de la reuni\u00f3n<\/p>\n","protected":false},"author":1,"featured_media":35993,"comment_status":"closed","ping_status":"closed","sticky":false,"template":"","format":"standard","meta":{"_seopress_robots_primary_cat":"none","_seopress_titles_title":"","_seopress_titles_desc":"","_seopress_robots_index":"","_jetpack_memberships_contains_paid_content":false,"footnotes":""},"categories":[103],"tags":[313,293,1094,167],"class_list":["post-35990","post","type-post","status-publish","format-standard","has-post-thumbnail","hentry","category-nacional","tag-cochabamba","tag-la-paz","tag-nacional","tag-santa-cruz"],"jetpack_featured_media_url":"https:\/\/elradar.info\/wp-content\/uploads\/2024\/11\/WhatsApp-Image-2023-09-13-at-17.51.06.jpeg","jetpack_sharing_enabled":true,"amp_enabled":true,"_links":{"self":[{"href":"https:\/\/elradar.info\/index.php?rest_route=\/wp\/v2\/posts\/35990","targetHints":{"allow":["GET"]}}],"collection":[{"href":"https:\/\/elradar.info\/index.php?rest_route=\/wp\/v2\/posts"}],"about":[{"href":"https:\/\/elradar.info\/index.php?rest_route=\/wp\/v2\/types\/post"}],"author":[{"embeddable":true,"href":"https:\/\/elradar.info\/index.php?rest_route=\/wp\/v2\/users\/1"}],"replies":[{"embeddable":true,"href":"https:\/\/elradar.info\/index.php?rest_route=%2Fwp%2Fv2%2Fcomments&post=35990"}],"version-history":[{"count":1,"href":"https:\/\/elradar.info\/index.php?rest_route=\/wp\/v2\/posts\/35990\/revisions"}],"predecessor-version":[{"id":35994,"href":"https:\/\/elradar.info\/index.php?rest_route=\/wp\/v2\/posts\/35990\/revisions\/35994"}],"wp:featuredmedia":[{"embeddable":true,"href":"https:\/\/elradar.info\/index.php?rest_route=\/wp\/v2\/media\/35993"}],"wp:attachment":[{"href":"https:\/\/elradar.info\/index.php?rest_route=%2Fwp%2Fv2%2Fmedia&parent=35990"}],"wp:term":[{"taxonomy":"category","embeddable":true,"href":"https:\/\/elradar.info\/index.php?rest_route=%2Fwp%2Fv2%2Fcategories&post=35990"},{"taxonomy":"post_tag","embeddable":true,"href":"https:\/\/elradar.info\/index.php?rest_route=%2Fwp%2Fv2%2Ftags&post=35990"}],"curies":[{"name":"wp","href":"https:\/\/api.w.org\/{rel}","templated":true}]}}