{"id":36199,"date":"2025-02-26T16:25:31","date_gmt":"2025-02-26T20:25:31","guid":{"rendered":"https:\/\/elradar.info\/?p=36199"},"modified":"2025-02-26T16:25:33","modified_gmt":"2025-02-26T20:25:33","slug":"instrumentalizacion-del-activismo-medioambiental-en-bolivia","status":"publish","type":"post","link":"https:\/\/elradar.info\/?p=36199","title":{"rendered":"INSTRUMENTALIZACI\u00d3N DEL ACTIVISMO MEDIOAMBIENTAL EN BOLIVIA"},"content":{"rendered":"\n<p>El 25 de febrero de 2025, el investigador y analista Wilmer Machaca public\u00f3 un texto llamado &#8220;El caso de Francisco Marupa: Entre la b\u00fasqueda de la \u2018verdad\u2019 y el activismo medi\u00e1tico&#8221;, en el que expone la instrumentalizaci\u00f3n de hechos o personas por el activismo, en este caso, medioambiental. Esta exposici\u00f3n concuerda con una denuncia similar, hecha por este medio, sobre el \u201cuso\u201d de organizaciones no gubernamentales relacionadas al medio ambiente y los derechos de las mujeres en el tema del litio.<\/p>\n\n\n\n<p>Machaca explica as\u00ed este caso: \u201c<em>Seg\u00fan versiones de la comunidad, Marupa, de 68 a\u00f1os, fue asesinado en su hogar, en la comunidad de Torewa ind\u00edgena. Era un adulto mayor que viv\u00eda solo, ten\u00eda siete hijos y se dedicaba a la agricultura, especialmente al cultivo de pl\u00e1tano. Su cuerpo fue encontrado en su chaco, cubierto con una carretilla y en estado de descomposici\u00f3n<\/em>.\u201d<\/p>\n\n\n\n<p>El caso es que, sin mediar ninguna investigaci\u00f3n, ese mismo d\u00eda la Central Ind\u00edgena del Pueblo Leco de Apolo (CIPLA) emiti\u00f3 un comunicado en el que se se\u00f1alaba a los mineros avasalladores como los responsables del crimen, a la vez que se presentaba a Francisco Marupa como un l\u00edder y protector de la naturaleza. Este comunicado, sumado a un conmovedor video en el que aparece la foto de Marupa con un audio en el que reflexiona sobre el cuidado de la naturaleza y los perjuicios de la miner\u00eda, inundaron las redes, logrando la adhesi\u00f3n de la poblaci\u00f3n en un sentimiento de indignaci\u00f3n generalizado.<\/p>\n\n\n\n<p>Sin embargo, Machaca destaca algunos puntos importantes en su investigaci\u00f3n:<\/p>\n\n\n\n<ul class=\"wp-block-list\">\n<li>La familia de Marupa se\u00f1al\u00f3 que el motivo del crimen fue el robo, pues los responsables robaron el dinero de la v\u00edctima, v\u00edveres y tres canoas. La comunidad habr\u00eda recuperado una de las canoas en manos de Julio Lero Tayo y su hermano, dos j\u00f3venes de Torewa campesina que estaban en posesi\u00f3n, seg\u00fan los familiares, de la canoa, un machete, un bid\u00f3n de combustible y los v\u00edveres de Francisco. Por estos motivos, el ministerio p\u00fablico aprehendi\u00f3 a Julio Lero como principal responsable.<\/li>\n\n\n\n<li>No existir\u00edan registros de que Francisco Marupa haya sido un activista medioambiental, algo que fue confirmado en una entrevista a Domingo Ocampo, miembro antiguo de la comunidad que dijo no conocer a Marupa en el papel de activista.<\/li>\n\n\n\n<li>Marupa no habr\u00eda estado viviendo ni tres a\u00f1os en Torewa ind\u00edgena, y el evento en el que se habr\u00eda grabado del audio, con el que se difundi\u00f3 el video en redes sociales, ni siquiera se habr\u00eda llevado a cabo, por lo que el testimonio carecer\u00eda de autenticidad y ser\u00eda atribuible, por lo menos el audio, a otra persona.<\/li>\n<\/ul>\n\n\n\n<p>Machaca finaliza su texto diciendo: \u201c<em>El caso de Francisco Marupa revela una compleja red de intereses, tensiones entre comunidades y activismo medi\u00e1tico en la Amazon\u00eda boliviana. La prisa por construir una narrativa de \u2018defensor ambiental asesinado por mineros\u2019 antes de una investigaci\u00f3n adecuada, y las contradicciones entre los testimonios locales apuntan a una instrumentalizaci\u00f3n pol\u00edtica de una tragedia humana<\/em>\u201d.<\/p>\n\n\n\n<p>Luego de la muerte de Marupa, m\u00faltiples organizaciones firmaron un documento en el que se duda de la culpabilidad de Julio Lero y se apuntaba a los traficantes de tierra y la miner\u00eda ilegal (ambas cosas, sin embargo, existen y no pueden pasarse por alto) pidiendo justicia y una amplia investigaci\u00f3n del hecho. Lo interesante del caso es que varias de estas organizaciones son las mismas que firmaron un pronunciamiento en contra de los contratos por el litio, neg\u00e1ndose a escuchar la informaci\u00f3n proporcionada por el gobierno usando un discurso ambientalista ampliamente replicado a trav\u00e9s de las redes sociales.<\/p>\n\n\n\n<p>\u00bfQui\u00e9nes est\u00e1n detr\u00e1s de estas organizaciones? financiadores internacionales como la Alianza Global para la Acci\u00f3n Verde y de G\u00e9nero (GAGGA por su sigla en ingl\u00e9s) y la Fair Green and Global (FGG) Alliance, entre otros, financiadores que a su vez usan a organismos como Both Ends y Mama Cash para sustentar distintas iniciativas en pa\u00edses de Latinoam\u00e9rica y \u00c1frica. M\u00e1s arriba en la l\u00ednea est\u00e1n la Ford Foundation y la Rockefeller Philanthropy Advisors. Estas dos \u00faltimas conformadas por personas muy cercanas al gobierno de los Estados Unidos. Por lo tanto, colectivos y organizaciones como el Colectivo Angir\u00fc Bolivia, Colectivo Casa, Colectivo Plurales, Colectivo Yo Soy Semilla, entre otros, estar\u00edan vali\u00e9ndose de recursos muy cuestionables para congraciarse con su fuente de financiamiento: organizaciones no gubernamentales extranjeras.<\/p>\n\n\n\n<p>En este contexto, es claro que muchas agrupaciones muestran una adhesi\u00f3n de buena fe a iniciativas de cuidado del medio ambiente, sin embargo, existen otras que instrumentalizan el discurso de las organizaciones e, incluso en este caso, instrumentalizan la muerte de una persona para conseguir financiamiento y perseguir los fines de sus entes financiadores.<\/p>\n","protected":false},"excerpt":{"rendered":"<p>El 25 de febrero de 2025, el investigador y analista Wilmer Machaca public\u00f3 un texto llamado &#8220;El caso de Francisco Marupa: Entre la b\u00fasqueda de la \u2018verdad\u2019 y el activismo medi\u00e1tico&#8221;, en el que expone la instrumentalizaci\u00f3n de hechos o personas por el activismo, en este caso, medioambiental. Esta exposici\u00f3n concuerda con una denuncia similar, hecha por este medio, sobre el \u201cuso\u201d de organizaciones no gubernamentales relacionadas al medio ambiente y los derechos de las mujeres en el tema del litio. Machaca explica as\u00ed este caso: \u201cSeg\u00fan versiones de la comunidad, Marupa, de 68 a\u00f1os, fue asesinado en su hogar,<\/p>\n","protected":false},"author":1,"featured_media":36202,"comment_status":"closed","ping_status":"closed","sticky":false,"template":"","format":"standard","meta":{"_seopress_robots_primary_cat":"none","_seopress_titles_title":"","_seopress_titles_desc":"","_seopress_robots_index":"","_jetpack_memberships_contains_paid_content":false,"footnotes":""},"categories":[174],"tags":[109,313,113,293,1094,167],"class_list":["post-36199","post","type-post","status-publish","format-standard","has-post-thumbnail","hentry","category-opinion","tag-bolivia","tag-cochabamba","tag-internacional","tag-la-paz","tag-nacional","tag-santa-cruz"],"jetpack_featured_media_url":"https:\/\/elradar.info\/wp-content\/uploads\/2025\/02\/ambient.jpg","jetpack_sharing_enabled":true,"amp_enabled":true,"_links":{"self":[{"href":"https:\/\/elradar.info\/index.php?rest_route=\/wp\/v2\/posts\/36199","targetHints":{"allow":["GET"]}}],"collection":[{"href":"https:\/\/elradar.info\/index.php?rest_route=\/wp\/v2\/posts"}],"about":[{"href":"https:\/\/elradar.info\/index.php?rest_route=\/wp\/v2\/types\/post"}],"author":[{"embeddable":true,"href":"https:\/\/elradar.info\/index.php?rest_route=\/wp\/v2\/users\/1"}],"replies":[{"embeddable":true,"href":"https:\/\/elradar.info\/index.php?rest_route=%2Fwp%2Fv2%2Fcomments&post=36199"}],"version-history":[{"count":1,"href":"https:\/\/elradar.info\/index.php?rest_route=\/wp\/v2\/posts\/36199\/revisions"}],"predecessor-version":[{"id":36203,"href":"https:\/\/elradar.info\/index.php?rest_route=\/wp\/v2\/posts\/36199\/revisions\/36203"}],"wp:featuredmedia":[{"embeddable":true,"href":"https:\/\/elradar.info\/index.php?rest_route=\/wp\/v2\/media\/36202"}],"wp:attachment":[{"href":"https:\/\/elradar.info\/index.php?rest_route=%2Fwp%2Fv2%2Fmedia&parent=36199"}],"wp:term":[{"taxonomy":"category","embeddable":true,"href":"https:\/\/elradar.info\/index.php?rest_route=%2Fwp%2Fv2%2Fcategories&post=36199"},{"taxonomy":"post_tag","embeddable":true,"href":"https:\/\/elradar.info\/index.php?rest_route=%2Fwp%2Fv2%2Ftags&post=36199"}],"curies":[{"name":"wp","href":"https:\/\/api.w.org\/{rel}","templated":true}]}}